{"id":854,"date":"2020-09-07T11:12:06","date_gmt":"2020-09-07T11:12:06","guid":{"rendered":"http:\/\/santaceciliadelgrao.com\/?p=854"},"modified":"2020-09-18T09:47:00","modified_gmt":"2020-09-18T09:47:00","slug":"lagrupacio-busca-director-de-banda-juvenil-i-profesor-a-de-oboe","status":"publish","type":"post","link":"http:\/\/santaceciliadelgrao.com\/?p=854","title":{"rendered":"La Agrupaci\u00f3n busca: Director de Banda Juvenil i Profesor\/a de Oboe"},"content":{"rendered":"\n<p>LA AGRUPACI\u00d3N BUSCA: Director de Banda Juvenil y  Profesor\/a de Oboe<\/p>\n\n\n\n<p>Os dejamos toda la informaci\u00f3n de la selecci\u00f3n en las im\u00e1genes. Muchas gracias. <\/p>\n\n\n\n<p>edmsantaceciliadelgrau@gmail.com<\/p>\n\n\n\n<figure class=\"wp-block-gallery columns-2 is-cropped wp-block-gallery-1 is-layout-flex wp-block-gallery-is-layout-flex\"><ul class=\"blocks-gallery-grid\"><li class=\"blocks-gallery-item\"><figure><img loading=\"lazy\" decoding=\"async\" width=\"585\" height=\"546\" src=\"http:\/\/santaceciliadelgrao.com\/wp-content\/uploads\/2020\/09\/WhatsApp-Image-2020-09-07-at-12.54.38.jpeg\" alt=\"\" data-id=\"855\" data-full-url=\"http:\/\/santaceciliadelgrao.com\/wp-content\/uploads\/2020\/09\/WhatsApp-Image-2020-09-07-at-12.54.38.jpeg\" data-link=\"http:\/\/santaceciliadelgrao.com\/?attachment_id=855\" class=\"wp-image-855\" srcset=\"http:\/\/santaceciliadelgrao.com\/wp-content\/uploads\/2020\/09\/WhatsApp-Image-2020-09-07-at-12.54.38.jpeg 585w, http:\/\/santaceciliadelgrao.com\/wp-content\/uploads\/2020\/09\/WhatsApp-Image-2020-09-07-at-12.54.38-300x280.jpeg 300w\" sizes=\"auto, (max-width: 585px) 100vw, 585px\" \/><\/figure><\/li><li class=\"blocks-gallery-item\"><figure><img loading=\"lazy\" decoding=\"async\" width=\"583\" height=\"563\" src=\"http:\/\/santaceciliadelgrao.com\/wp-content\/uploads\/2020\/09\/WhatsApp-Image-2020-09-07-at-12.54.48.jpeg\" alt=\"\" data-id=\"856\" data-full-url=\"http:\/\/santaceciliadelgrao.com\/wp-content\/uploads\/2020\/09\/WhatsApp-Image-2020-09-07-at-12.54.48.jpeg\" data-link=\"http:\/\/santaceciliadelgrao.com\/?attachment_id=856\" class=\"wp-image-856\" srcset=\"http:\/\/santaceciliadelgrao.com\/wp-content\/uploads\/2020\/09\/WhatsApp-Image-2020-09-07-at-12.54.48.jpeg 583w, http:\/\/santaceciliadelgrao.com\/wp-content\/uploads\/2020\/09\/WhatsApp-Image-2020-09-07-at-12.54.48-300x290.jpeg 300w\" sizes=\"auto, (max-width: 583px) 100vw, 583px\" \/><\/figure><\/li><\/ul><\/figure>\n\n\n\n<p><\/p>\n","protected":false},"excerpt":{"rendered":"<p>LA AGRUPACI\u00d3N BUSCA: Director de Banda Juvenil y Profesor\/a de Oboe Os dejamos toda la informaci\u00f3n de la selecci\u00f3n en las im\u00e1genes. Muchas gracias. edmsantaceciliadelgrau@gmail.com<\/p>\n","protected":false},"author":1,"featured_media":0,"comment_status":"open","ping_status":"open","sticky":false,"template":"","format":"standard","meta":{"footnotes":""},"categories":[1],"tags":[],"class_list":["post-854","post","type-post","status-publish","format-standard","hentry","category-sense-categoria"],"_links":{"self":[{"href":"http:\/\/santaceciliadelgrao.com\/index.php?rest_route=\/wp\/v2\/posts\/854","targetHints":{"allow":["GET"]}}],"collection":[{"href":"http:\/\/santaceciliadelgrao.com\/index.php?rest_route=\/wp\/v2\/posts"}],"about":[{"href":"http:\/\/santaceciliadelgrao.com\/index.php?rest_route=\/wp\/v2\/types\/post"}],"author":[{"embeddable":true,"href":"http:\/\/santaceciliadelgrao.com\/index.php?rest_route=\/wp\/v2\/users\/1"}],"replies":[{"embeddable":true,"href":"http:\/\/santaceciliadelgrao.com\/index.php?rest_route=%2Fwp%2Fv2%2Fcomments&post=854"}],"version-history":[{"count":5,"href":"http:\/\/santaceciliadelgrao.com\/index.php?rest_route=\/wp\/v2\/posts\/854\/revisions"}],"predecessor-version":[{"id":872,"href":"http:\/\/santaceciliadelgrao.com\/index.php?rest_route=\/wp\/v2\/posts\/854\/revisions\/872"}],"wp:attachment":[{"href":"http:\/\/santaceciliadelgrao.com\/index.php?rest_route=%2Fwp%2Fv2%2Fmedia&parent=854"}],"wp:term":[{"taxonomy":"category","embeddable":true,"href":"http:\/\/santaceciliadelgrao.com\/index.php?rest_route=%2Fwp%2Fv2%2Fcategories&post=854"},{"taxonomy":"post_tag","embeddable":true,"href":"http:\/\/santaceciliadelgrao.com\/index.php?rest_route=%2Fwp%2Fv2%2Ftags&post=854"}],"curies":[{"name":"wp","href":"https:\/\/api.w.org\/{rel}","templated":true}]}}