{"id":687,"date":"2020-05-21T14:39:44","date_gmt":"2020-05-21T14:39:44","guid":{"rendered":"http:\/\/santaceciliadelgrao.com\/?p=687"},"modified":"2020-05-21T14:39:45","modified_gmt":"2020-05-21T14:39:45","slug":"ii-encuentro-virtual","status":"publish","type":"post","link":"http:\/\/santaceciliadelgrao.com\/?p=687","title":{"rendered":"II ENCUENTRO VIRTUAL"},"content":{"rendered":"\n<p class=\"has-text-color has-very-dark-gray-color\">Despu\u00e9s del \u00e9xito de la primera edici\u00f3n, volvemos a reunirnos en el II Encuentro Virtual que tendr\u00e1 lugar el s\u00e1bado 23 de mayo a las 17 horas. En esta ocasi\u00f3n nos acompa\u00f1ar\u00e1n los compositores Juan D. Jover y Esther P\u00e9rez en la plataforma Zoom.<\/p>\n\n\n\n<div class=\"wp-block-image\"><figure class=\"aligncenter size-large\"><img loading=\"lazy\" decoding=\"async\" width=\"493\" height=\"736\" src=\"http:\/\/santaceciliadelgrao.com\/wp-content\/uploads\/2020\/05\/WhatsApp-Image-2020-05-14-at-18.36.56.jpeg\" alt=\"\" class=\"wp-image-688\" srcset=\"http:\/\/santaceciliadelgrao.com\/wp-content\/uploads\/2020\/05\/WhatsApp-Image-2020-05-14-at-18.36.56.jpeg 493w, http:\/\/santaceciliadelgrao.com\/wp-content\/uploads\/2020\/05\/WhatsApp-Image-2020-05-14-at-18.36.56-201x300.jpeg 201w\" sizes=\"auto, (max-width: 493px) 100vw, 493px\" \/><\/figure><\/div>\n\n\n\n<p class=\"has-text-color has-very-dark-gray-color\">Como en el encuentro anterior, hablar\u00e1n de sus obras premiadas en el VII Concurso de Composici\u00f3n M\u00fasica Joven. Estas obras ser\u00e1n grabadas en un CD con nuestros m\u00fasicos como participantes.<\/p>\n\n\n\n<p class=\"has-text-color has-very-dark-gray-color\">Todo aquel que est\u00e9 interesado en el encuentro que no dude en contactar con nosotros.<\/p>\n\n\n\n<p class=\"has-text-color has-very-dark-gray-color\">\u00a1\u00a1Os esperamos a todos!!<\/p>\n","protected":false},"excerpt":{"rendered":"<p>Despu\u00e9s del \u00e9xito de la primera edici\u00f3n, volvemos a reunirnos en el II Encuentro Virtual que tendr\u00e1 lugar el s\u00e1bado 23 de mayo a las 17 horas. En esta ocasi\u00f3n nos acompa\u00f1ar\u00e1n los compositores Juan D. Jover y Esther P\u00e9rez en la plataforma Zoom. Como en el encuentro anterior, hablar\u00e1n de sus obras premiadas en&hellip; <br \/> <a class=\"button small blue\" href=\"http:\/\/santaceciliadelgrao.com\/?p=687\">Read more<\/a><\/p>\n","protected":false},"author":1,"featured_media":0,"comment_status":"open","ping_status":"open","sticky":false,"template":"","format":"standard","meta":{"footnotes":""},"categories":[1],"tags":[],"class_list":["post-687","post","type-post","status-publish","format-standard","hentry","category-sense-categoria"],"_links":{"self":[{"href":"http:\/\/santaceciliadelgrao.com\/index.php?rest_route=\/wp\/v2\/posts\/687","targetHints":{"allow":["GET"]}}],"collection":[{"href":"http:\/\/santaceciliadelgrao.com\/index.php?rest_route=\/wp\/v2\/posts"}],"about":[{"href":"http:\/\/santaceciliadelgrao.com\/index.php?rest_route=\/wp\/v2\/types\/post"}],"author":[{"embeddable":true,"href":"http:\/\/santaceciliadelgrao.com\/index.php?rest_route=\/wp\/v2\/users\/1"}],"replies":[{"embeddable":true,"href":"http:\/\/santaceciliadelgrao.com\/index.php?rest_route=%2Fwp%2Fv2%2Fcomments&post=687"}],"version-history":[{"count":1,"href":"http:\/\/santaceciliadelgrao.com\/index.php?rest_route=\/wp\/v2\/posts\/687\/revisions"}],"predecessor-version":[{"id":689,"href":"http:\/\/santaceciliadelgrao.com\/index.php?rest_route=\/wp\/v2\/posts\/687\/revisions\/689"}],"wp:attachment":[{"href":"http:\/\/santaceciliadelgrao.com\/index.php?rest_route=%2Fwp%2Fv2%2Fmedia&parent=687"}],"wp:term":[{"taxonomy":"category","embeddable":true,"href":"http:\/\/santaceciliadelgrao.com\/index.php?rest_route=%2Fwp%2Fv2%2Fcategories&post=687"},{"taxonomy":"post_tag","embeddable":true,"href":"http:\/\/santaceciliadelgrao.com\/index.php?rest_route=%2Fwp%2Fv2%2Ftags&post=687"}],"curies":[{"name":"wp","href":"https:\/\/api.w.org\/{rel}","templated":true}]}}