{"id":571,"date":"2019-06-08T11:08:55","date_gmt":"2019-06-08T11:08:55","guid":{"rendered":"http:\/\/santaceciliadelgrao.com\/?p=571"},"modified":"2022-03-22T11:34:03","modified_gmt":"2022-03-22T11:34:03","slug":"concert-a-la-pergola","status":"publish","type":"post","link":"http:\/\/santaceciliadelgrao.com\/?p=571","title":{"rendered":"CONCERT A LA P\u00c8RGOLA"},"content":{"rendered":"\n<p class=\"has-very-dark-gray-color has-text-color has-medium-font-size\">El pr\u00f2xim diumenge 9 de juny a les 11.30h, tornem a la P\u00e8rgola de la Marina de Val\u00e8ncia junt amb l&#8217;Agrupaci\u00f3 Musical San Jos\u00e9 de Pignatelli. Vos deixem el programa a continuaci\u00f3.<br>Esperem vore-vos a tots!! <\/p>\n\n\n\n<figure class=\"wp-block-gallery has-nested-images columns-default is-cropped wp-block-gallery-1 is-layout-flex wp-block-gallery-is-layout-flex\">\n<figure class=\"wp-block-image\"><img loading=\"lazy\" decoding=\"async\" width=\"679\" height=\"960\" data-id=\"572\" src=\"http:\/\/santaceciliadelgrao.com\/wp-content\/uploads\/2019\/06\/62308494_689309161504741_870112974910521344_n-1-1.jpg\" alt=\"\" class=\"wp-image-572\" srcset=\"http:\/\/santaceciliadelgrao.com\/wp-content\/uploads\/2019\/06\/62308494_689309161504741_870112974910521344_n-1-1.jpg 679w, http:\/\/santaceciliadelgrao.com\/wp-content\/uploads\/2019\/06\/62308494_689309161504741_870112974910521344_n-1-1-212x300.jpg 212w\" sizes=\"auto, (max-width: 679px) 100vw, 679px\" \/><\/figure>\n\n\n\n<figure class=\"wp-block-image\"><img loading=\"lazy\" decoding=\"async\" width=\"672\" height=\"960\" data-id=\"573\" src=\"http:\/\/santaceciliadelgrao.com\/wp-content\/uploads\/2019\/06\/62106178_689309184838072_4104289362445860864_n-1.jpg\" alt=\"\" class=\"wp-image-573\" srcset=\"http:\/\/santaceciliadelgrao.com\/wp-content\/uploads\/2019\/06\/62106178_689309184838072_4104289362445860864_n-1.jpg 672w, http:\/\/santaceciliadelgrao.com\/wp-content\/uploads\/2019\/06\/62106178_689309184838072_4104289362445860864_n-1-210x300.jpg 210w\" sizes=\"auto, (max-width: 672px) 100vw, 672px\" \/><\/figure>\n<\/figure>\n","protected":false},"excerpt":{"rendered":"<p>El pr\u00f2xim diumenge 9 de juny a les 11.30h, tornem a la P\u00e8rgola de la Marina de Val\u00e8ncia junt amb l&#8217;Agrupaci\u00f3 Musical San Jos\u00e9 de Pignatelli. Vos deixem el programa a continuaci\u00f3.Esperem vore-vos a tots!!<\/p>\n","protected":false},"author":1,"featured_media":0,"comment_status":"open","ping_status":"open","sticky":false,"template":"","format":"standard","meta":{"footnotes":""},"categories":[85],"tags":[96,89],"class_list":["post-571","post","type-post","status-publish","format-standard","hentry","category-noticies","tag-banda-simfonica","tag-concert"],"_links":{"self":[{"href":"http:\/\/santaceciliadelgrao.com\/index.php?rest_route=\/wp\/v2\/posts\/571","targetHints":{"allow":["GET"]}}],"collection":[{"href":"http:\/\/santaceciliadelgrao.com\/index.php?rest_route=\/wp\/v2\/posts"}],"about":[{"href":"http:\/\/santaceciliadelgrao.com\/index.php?rest_route=\/wp\/v2\/types\/post"}],"author":[{"embeddable":true,"href":"http:\/\/santaceciliadelgrao.com\/index.php?rest_route=\/wp\/v2\/users\/1"}],"replies":[{"embeddable":true,"href":"http:\/\/santaceciliadelgrao.com\/index.php?rest_route=%2Fwp%2Fv2%2Fcomments&post=571"}],"version-history":[{"count":2,"href":"http:\/\/santaceciliadelgrao.com\/index.php?rest_route=\/wp\/v2\/posts\/571\/revisions"}],"predecessor-version":[{"id":1330,"href":"http:\/\/santaceciliadelgrao.com\/index.php?rest_route=\/wp\/v2\/posts\/571\/revisions\/1330"}],"wp:attachment":[{"href":"http:\/\/santaceciliadelgrao.com\/index.php?rest_route=%2Fwp%2Fv2%2Fmedia&parent=571"}],"wp:term":[{"taxonomy":"category","embeddable":true,"href":"http:\/\/santaceciliadelgrao.com\/index.php?rest_route=%2Fwp%2Fv2%2Fcategories&post=571"},{"taxonomy":"post_tag","embeddable":true,"href":"http:\/\/santaceciliadelgrao.com\/index.php?rest_route=%2Fwp%2Fv2%2Ftags&post=571"}],"curies":[{"name":"wp","href":"https:\/\/api.w.org\/{rel}","templated":true}]}}