{"id":566,"date":"2019-06-08T11:07:44","date_gmt":"2019-06-08T11:07:44","guid":{"rendered":"http:\/\/santaceciliadelgrao.com\/?p=566"},"modified":"2019-06-08T11:07:46","modified_gmt":"2019-06-08T11:07:46","slug":"concierto-en-la-pergola","status":"publish","type":"post","link":"http:\/\/santaceciliadelgrao.com\/?p=566","title":{"rendered":"CONCIERTO EN LA P\u00c9RGOLA"},"content":{"rendered":"\n<p class=\"has-text-color has-medium-font-size has-very-dark-gray-color\">El pr\u00f3ximo domingo 9 de junio a las 11.30h, volvemos a la P\u00e9rgola de la Marina de Valencia junto con la Agrupaci\u00f3n Musical San Jos\u00e9 de Pignatelli. Os dejamos el programa a continuaci\u00f3n.<br> Esperamos veros a todos !!<\/p>\n\n\n\n<ul class=\"wp-block-gallery columns-2 is-cropped wp-block-gallery-1 is-layout-flex wp-block-gallery-is-layout-flex\"><li class=\"blocks-gallery-item\"><figure><img loading=\"lazy\" decoding=\"async\" width=\"679\" height=\"960\" src=\"http:\/\/santaceciliadelgrao.com\/wp-content\/uploads\/2019\/06\/62308494_689309161504741_870112974910521344_n-1.jpg\" alt=\"\" data-id=\"567\" data-link=\"http:\/\/santaceciliadelgrao.com\/?attachment_id=567\" class=\"wp-image-567\" srcset=\"http:\/\/santaceciliadelgrao.com\/wp-content\/uploads\/2019\/06\/62308494_689309161504741_870112974910521344_n-1.jpg 679w, http:\/\/santaceciliadelgrao.com\/wp-content\/uploads\/2019\/06\/62308494_689309161504741_870112974910521344_n-1-212x300.jpg 212w\" sizes=\"auto, (max-width: 679px) 100vw, 679px\" \/><\/figure><\/li><li class=\"blocks-gallery-item\"><figure><img loading=\"lazy\" decoding=\"async\" width=\"672\" height=\"960\" src=\"http:\/\/santaceciliadelgrao.com\/wp-content\/uploads\/2019\/06\/62106178_689309184838072_4104289362445860864_n.jpg\" alt=\"\" data-id=\"568\" data-link=\"http:\/\/santaceciliadelgrao.com\/?attachment_id=568\" class=\"wp-image-568\" srcset=\"http:\/\/santaceciliadelgrao.com\/wp-content\/uploads\/2019\/06\/62106178_689309184838072_4104289362445860864_n.jpg 672w, http:\/\/santaceciliadelgrao.com\/wp-content\/uploads\/2019\/06\/62106178_689309184838072_4104289362445860864_n-210x300.jpg 210w\" sizes=\"auto, (max-width: 672px) 100vw, 672px\" \/><\/figure><\/li><\/ul>\n\n\n\n<p><\/p>\n","protected":false},"excerpt":{"rendered":"<p>El pr\u00f3ximo domingo 9 de junio a las 11.30h, volvemos a la P\u00e9rgola de la Marina de Valencia junto con la Agrupaci\u00f3n Musical San Jos\u00e9 de Pignatelli. Os dejamos el programa a continuaci\u00f3n. Esperamos veros a todos !!<\/p>\n","protected":false},"author":1,"featured_media":0,"comment_status":"open","ping_status":"open","sticky":false,"template":"","format":"standard","meta":{"footnotes":""},"categories":[1],"tags":[],"class_list":["post-566","post","type-post","status-publish","format-standard","hentry","category-sense-categoria"],"_links":{"self":[{"href":"http:\/\/santaceciliadelgrao.com\/index.php?rest_route=\/wp\/v2\/posts\/566","targetHints":{"allow":["GET"]}}],"collection":[{"href":"http:\/\/santaceciliadelgrao.com\/index.php?rest_route=\/wp\/v2\/posts"}],"about":[{"href":"http:\/\/santaceciliadelgrao.com\/index.php?rest_route=\/wp\/v2\/types\/post"}],"author":[{"embeddable":true,"href":"http:\/\/santaceciliadelgrao.com\/index.php?rest_route=\/wp\/v2\/users\/1"}],"replies":[{"embeddable":true,"href":"http:\/\/santaceciliadelgrao.com\/index.php?rest_route=%2Fwp%2Fv2%2Fcomments&post=566"}],"version-history":[{"count":2,"href":"http:\/\/santaceciliadelgrao.com\/index.php?rest_route=\/wp\/v2\/posts\/566\/revisions"}],"predecessor-version":[{"id":570,"href":"http:\/\/santaceciliadelgrao.com\/index.php?rest_route=\/wp\/v2\/posts\/566\/revisions\/570"}],"wp:attachment":[{"href":"http:\/\/santaceciliadelgrao.com\/index.php?rest_route=%2Fwp%2Fv2%2Fmedia&parent=566"}],"wp:term":[{"taxonomy":"category","embeddable":true,"href":"http:\/\/santaceciliadelgrao.com\/index.php?rest_route=%2Fwp%2Fv2%2Fcategories&post=566"},{"taxonomy":"post_tag","embeddable":true,"href":"http:\/\/santaceciliadelgrao.com\/index.php?rest_route=%2Fwp%2Fv2%2Ftags&post=566"}],"curies":[{"name":"wp","href":"https:\/\/api.w.org\/{rel}","templated":true}]}}