{"id":561,"date":"2019-05-09T18:53:41","date_gmt":"2019-05-09T18:53:41","guid":{"rendered":"http:\/\/santaceciliadelgrao.com\/?p=561"},"modified":"2022-03-22T11:35:23","modified_gmt":"2022-03-22T11:35:23","slug":"concert-retrobem","status":"publish","type":"post","link":"http:\/\/santaceciliadelgrao.com\/?p=561","title":{"rendered":"Concert Retrobem"},"content":{"rendered":"\n<p> El pr\u00f2xim diumenge 12 de maig a les 18.30h tindr\u00e0 lloc el concert del Retrobem al nostre local d&#8217;assajos (C\/M\u00e9ndez N\u00fa\u00f1ez, num 4-6, entrada al pati pel carrer Eivissa). Vos esperem a tots!! <\/p>\n\n\n\n<figure class=\"wp-block-image\"><img loading=\"lazy\" decoding=\"async\" width=\"735\" height=\"1024\" src=\"http:\/\/santaceciliadelgrao.com\/wp-content\/uploads\/2019\/05\/Retrobem_CartellA3_0-1_page-0001-1-735x1024.jpg\" alt=\"\" class=\"wp-image-562\" srcset=\"http:\/\/santaceciliadelgrao.com\/wp-content\/uploads\/2019\/05\/Retrobem_CartellA3_0-1_page-0001-1-735x1024.jpg 735w, http:\/\/santaceciliadelgrao.com\/wp-content\/uploads\/2019\/05\/Retrobem_CartellA3_0-1_page-0001-1-215x300.jpg 215w, http:\/\/santaceciliadelgrao.com\/wp-content\/uploads\/2019\/05\/Retrobem_CartellA3_0-1_page-0001-1-768x1071.jpg 768w, http:\/\/santaceciliadelgrao.com\/wp-content\/uploads\/2019\/05\/Retrobem_CartellA3_0-1_page-0001-1-1024x1428.jpg 1024w, http:\/\/santaceciliadelgrao.com\/wp-content\/uploads\/2019\/05\/Retrobem_CartellA3_0-1_page-0001-1-775x1080.jpg 775w, http:\/\/santaceciliadelgrao.com\/wp-content\/uploads\/2019\/05\/Retrobem_CartellA3_0-1_page-0001-1.jpg 1842w\" sizes=\"auto, (max-width: 735px) 100vw, 735px\" \/><\/figure>\n","protected":false},"excerpt":{"rendered":"<p>El pr\u00f2xim diumenge 12 de maig a les 18.30h tindr\u00e0 lloc el concert del Retrobem al nostre local d&#8217;assajos (C\/M\u00e9ndez N\u00fa\u00f1ez, num 4-6, entrada al pati pel carrer Eivissa). Vos esperem a tots!!<\/p>\n","protected":false},"author":1,"featured_media":0,"comment_status":"open","ping_status":"open","sticky":false,"template":"","format":"standard","meta":{"footnotes":""},"categories":[85],"tags":[96,89],"class_list":["post-561","post","type-post","status-publish","format-standard","hentry","category-noticies","tag-banda-simfonica","tag-concert"],"_links":{"self":[{"href":"http:\/\/santaceciliadelgrao.com\/index.php?rest_route=\/wp\/v2\/posts\/561","targetHints":{"allow":["GET"]}}],"collection":[{"href":"http:\/\/santaceciliadelgrao.com\/index.php?rest_route=\/wp\/v2\/posts"}],"about":[{"href":"http:\/\/santaceciliadelgrao.com\/index.php?rest_route=\/wp\/v2\/types\/post"}],"author":[{"embeddable":true,"href":"http:\/\/santaceciliadelgrao.com\/index.php?rest_route=\/wp\/v2\/users\/1"}],"replies":[{"embeddable":true,"href":"http:\/\/santaceciliadelgrao.com\/index.php?rest_route=%2Fwp%2Fv2%2Fcomments&post=561"}],"version-history":[{"count":1,"href":"http:\/\/santaceciliadelgrao.com\/index.php?rest_route=\/wp\/v2\/posts\/561\/revisions"}],"predecessor-version":[{"id":563,"href":"http:\/\/santaceciliadelgrao.com\/index.php?rest_route=\/wp\/v2\/posts\/561\/revisions\/563"}],"wp:attachment":[{"href":"http:\/\/santaceciliadelgrao.com\/index.php?rest_route=%2Fwp%2Fv2%2Fmedia&parent=561"}],"wp:term":[{"taxonomy":"category","embeddable":true,"href":"http:\/\/santaceciliadelgrao.com\/index.php?rest_route=%2Fwp%2Fv2%2Fcategories&post=561"},{"taxonomy":"post_tag","embeddable":true,"href":"http:\/\/santaceciliadelgrao.com\/index.php?rest_route=%2Fwp%2Fv2%2Ftags&post=561"}],"curies":[{"name":"wp","href":"https:\/\/api.w.org\/{rel}","templated":true}]}}