{"id":553,"date":"2019-04-29T17:22:21","date_gmt":"2019-04-29T17:22:21","guid":{"rendered":"http:\/\/santaceciliadelgrao.com\/?p=553"},"modified":"2022-03-22T11:35:54","modified_gmt":"2022-03-22T11:35:54","slug":"vi-festival-de-cors","status":"publish","type":"post","link":"http:\/\/santaceciliadelgrao.com\/?p=553","title":{"rendered":"VI FESTIVAL DE CORS"},"content":{"rendered":"\n<p class=\"has-very-dark-gray-color has-text-color\">El pr\u00f2xim 4 de maig a les 19.00h, el nostre cor formar\u00e0 part del VI Festival de Cors junt amb la Coral Societat Musical Uni\u00f3 de Pescadors i la Coral Acanthus.<\/p>\n\n\n\n<p class=\"has-very-dark-gray-color has-text-color\">Tindr\u00e0 lloc a l&#8217;Ateneu Mar\u00edtim, situat al carrer de la Reina, n 68. Vos esperem a tots!<\/p>\n\n\n\n<figure class=\"wp-block-image\"><img loading=\"lazy\" decoding=\"async\" width=\"724\" height=\"1024\" src=\"http:\/\/santaceciliadelgrao.com\/wp-content\/uploads\/2019\/04\/58441614_665186940583630_7291008903981039616_o-1-724x1024.jpg\" alt=\"\" class=\"wp-image-554\" srcset=\"http:\/\/santaceciliadelgrao.com\/wp-content\/uploads\/2019\/04\/58441614_665186940583630_7291008903981039616_o-1-724x1024.jpg 724w, http:\/\/santaceciliadelgrao.com\/wp-content\/uploads\/2019\/04\/58441614_665186940583630_7291008903981039616_o-1-212x300.jpg 212w, http:\/\/santaceciliadelgrao.com\/wp-content\/uploads\/2019\/04\/58441614_665186940583630_7291008903981039616_o-1-768x1086.jpg 768w, http:\/\/santaceciliadelgrao.com\/wp-content\/uploads\/2019\/04\/58441614_665186940583630_7291008903981039616_o-1-1024x1448.jpg 1024w, http:\/\/santaceciliadelgrao.com\/wp-content\/uploads\/2019\/04\/58441614_665186940583630_7291008903981039616_o-1-764x1080.jpg 764w, http:\/\/santaceciliadelgrao.com\/wp-content\/uploads\/2019\/04\/58441614_665186940583630_7291008903981039616_o-1.jpg 1316w\" sizes=\"auto, (max-width: 724px) 100vw, 724px\" \/><\/figure>\n","protected":false},"excerpt":{"rendered":"<p>El pr\u00f2xim 4 de maig a les 19.00h, el nostre cor formar\u00e0 part del VI Festival de Cors junt amb la Coral Societat Musical Uni\u00f3 de Pescadors i la Coral Acanthus. Tindr\u00e0 lloc a l&#8217;Ateneu Mar\u00edtim, situat al carrer de la Reina, n 68. Vos esperem a tots!<\/p>\n","protected":false},"author":1,"featured_media":0,"comment_status":"open","ping_status":"open","sticky":false,"template":"","format":"standard","meta":{"footnotes":""},"categories":[85],"tags":[90],"class_list":["post-553","post","type-post","status-publish","format-standard","hentry","category-noticies","tag-cor"],"_links":{"self":[{"href":"http:\/\/santaceciliadelgrao.com\/index.php?rest_route=\/wp\/v2\/posts\/553","targetHints":{"allow":["GET"]}}],"collection":[{"href":"http:\/\/santaceciliadelgrao.com\/index.php?rest_route=\/wp\/v2\/posts"}],"about":[{"href":"http:\/\/santaceciliadelgrao.com\/index.php?rest_route=\/wp\/v2\/types\/post"}],"author":[{"embeddable":true,"href":"http:\/\/santaceciliadelgrao.com\/index.php?rest_route=\/wp\/v2\/users\/1"}],"replies":[{"embeddable":true,"href":"http:\/\/santaceciliadelgrao.com\/index.php?rest_route=%2Fwp%2Fv2%2Fcomments&post=553"}],"version-history":[{"count":3,"href":"http:\/\/santaceciliadelgrao.com\/index.php?rest_route=\/wp\/v2\/posts\/553\/revisions"}],"predecessor-version":[{"id":1331,"href":"http:\/\/santaceciliadelgrao.com\/index.php?rest_route=\/wp\/v2\/posts\/553\/revisions\/1331"}],"wp:attachment":[{"href":"http:\/\/santaceciliadelgrao.com\/index.php?rest_route=%2Fwp%2Fv2%2Fmedia&parent=553"}],"wp:term":[{"taxonomy":"category","embeddable":true,"href":"http:\/\/santaceciliadelgrao.com\/index.php?rest_route=%2Fwp%2Fv2%2Fcategories&post=553"},{"taxonomy":"post_tag","embeddable":true,"href":"http:\/\/santaceciliadelgrao.com\/index.php?rest_route=%2Fwp%2Fv2%2Ftags&post=553"}],"curies":[{"name":"wp","href":"https:\/\/api.w.org\/{rel}","templated":true}]}}