{"id":550,"date":"2019-04-29T17:21:16","date_gmt":"2019-04-29T17:21:16","guid":{"rendered":"http:\/\/santaceciliadelgrao.com\/?p=550"},"modified":"2019-04-29T17:21:18","modified_gmt":"2019-04-29T17:21:18","slug":"vi-festival-de-coros","status":"publish","type":"post","link":"http:\/\/santaceciliadelgrao.com\/?p=550","title":{"rendered":"VI FESTIVAL DE COROS"},"content":{"rendered":"\n<p class=\"has-text-color has-very-dark-gray-color\">El pr\u00f3ximo 4 de mayo a las 19.00h, nuestro coro formar\u00e1 parte del VI Festival de Coros junto con la Coral Sociedad Musical Uni\u00f3n de Pescadores y la Coral Acanthus.<\/p>\n\n\n\n<p class=\"has-text-color has-very-dark-gray-color\">Tendr\u00e1 lugar en el Ateneo Mar\u00edtimo, situado en la calle de la Reina, n 68. \u00a1Os esperamos a todos all\u00ed!<\/p>\n\n\n\n<figure class=\"wp-block-image\"><img loading=\"lazy\" decoding=\"async\" width=\"724\" height=\"1024\" src=\"http:\/\/santaceciliadelgrao.com\/wp-content\/uploads\/2019\/04\/58441614_665186940583630_7291008903981039616_o-724x1024.jpg\" alt=\"\" class=\"wp-image-551\" srcset=\"http:\/\/santaceciliadelgrao.com\/wp-content\/uploads\/2019\/04\/58441614_665186940583630_7291008903981039616_o-724x1024.jpg 724w, http:\/\/santaceciliadelgrao.com\/wp-content\/uploads\/2019\/04\/58441614_665186940583630_7291008903981039616_o-212x300.jpg 212w, http:\/\/santaceciliadelgrao.com\/wp-content\/uploads\/2019\/04\/58441614_665186940583630_7291008903981039616_o-768x1086.jpg 768w, http:\/\/santaceciliadelgrao.com\/wp-content\/uploads\/2019\/04\/58441614_665186940583630_7291008903981039616_o-1024x1448.jpg 1024w, http:\/\/santaceciliadelgrao.com\/wp-content\/uploads\/2019\/04\/58441614_665186940583630_7291008903981039616_o-764x1080.jpg 764w, http:\/\/santaceciliadelgrao.com\/wp-content\/uploads\/2019\/04\/58441614_665186940583630_7291008903981039616_o.jpg 1316w\" sizes=\"auto, (max-width: 724px) 100vw, 724px\" \/><\/figure>\n","protected":false},"excerpt":{"rendered":"<p>El pr\u00f3ximo 4 de mayo a las 19.00h, nuestro coro formar\u00e1 parte del VI Festival de Coros junto con la Coral Sociedad Musical Uni\u00f3n de Pescadores y la Coral Acanthus. Tendr\u00e1 lugar en el Ateneo Mar\u00edtimo, situado en la calle de la Reina, n 68. \u00a1Os esperamos a todos all\u00ed!<\/p>\n","protected":false},"author":1,"featured_media":0,"comment_status":"open","ping_status":"open","sticky":false,"template":"","format":"standard","meta":{"footnotes":""},"categories":[1],"tags":[],"class_list":["post-550","post","type-post","status-publish","format-standard","hentry","category-sense-categoria"],"_links":{"self":[{"href":"http:\/\/santaceciliadelgrao.com\/index.php?rest_route=\/wp\/v2\/posts\/550","targetHints":{"allow":["GET"]}}],"collection":[{"href":"http:\/\/santaceciliadelgrao.com\/index.php?rest_route=\/wp\/v2\/posts"}],"about":[{"href":"http:\/\/santaceciliadelgrao.com\/index.php?rest_route=\/wp\/v2\/types\/post"}],"author":[{"embeddable":true,"href":"http:\/\/santaceciliadelgrao.com\/index.php?rest_route=\/wp\/v2\/users\/1"}],"replies":[{"embeddable":true,"href":"http:\/\/santaceciliadelgrao.com\/index.php?rest_route=%2Fwp%2Fv2%2Fcomments&post=550"}],"version-history":[{"count":1,"href":"http:\/\/santaceciliadelgrao.com\/index.php?rest_route=\/wp\/v2\/posts\/550\/revisions"}],"predecessor-version":[{"id":552,"href":"http:\/\/santaceciliadelgrao.com\/index.php?rest_route=\/wp\/v2\/posts\/550\/revisions\/552"}],"wp:attachment":[{"href":"http:\/\/santaceciliadelgrao.com\/index.php?rest_route=%2Fwp%2Fv2%2Fmedia&parent=550"}],"wp:term":[{"taxonomy":"category","embeddable":true,"href":"http:\/\/santaceciliadelgrao.com\/index.php?rest_route=%2Fwp%2Fv2%2Fcategories&post=550"},{"taxonomy":"post_tag","embeddable":true,"href":"http:\/\/santaceciliadelgrao.com\/index.php?rest_route=%2Fwp%2Fv2%2Ftags&post=550"}],"curies":[{"name":"wp","href":"https:\/\/api.w.org\/{rel}","templated":true}]}}