{"id":474,"date":"2019-02-01T10:58:55","date_gmt":"2019-02-01T10:58:55","guid":{"rendered":"http:\/\/santaceciliadelgrao.com\/?p=474"},"modified":"2019-02-01T11:02:04","modified_gmt":"2019-02-01T11:02:04","slug":"encuentro-bandas-juveniles-03-02","status":"publish","type":"post","link":"http:\/\/santaceciliadelgrao.com\/?p=474","title":{"rendered":"Encuentro Bandas Juveniles 03\/02"},"content":{"rendered":"\n<p class=\"has-text-color has-very-dark-gray-color\">Este domingo 3 de febrero a las 11:30 h tendr\u00e1 lugar el Encuentro de Bandas Juveniles en el Ateneo Mercantil de Valencia, aqu\u00ed participar\u00e1 nuestra agrupaci\u00f3n y la banda juvenil de Benicalap. \u00a1\u00a1Esperamos veros a todos!!<\/p>\n\n\n\n<figure class=\"wp-block-image\"><img loading=\"lazy\" decoding=\"async\" width=\"596\" height=\"823\" src=\"http:\/\/santaceciliadelgrao.com\/wp-content\/uploads\/2019\/02\/WhatsApp-Image-2019-01-29-at-15.07.26-1.jpeg\" alt=\"\" class=\"wp-image-475\" srcset=\"http:\/\/santaceciliadelgrao.com\/wp-content\/uploads\/2019\/02\/WhatsApp-Image-2019-01-29-at-15.07.26-1.jpeg 596w, http:\/\/santaceciliadelgrao.com\/wp-content\/uploads\/2019\/02\/WhatsApp-Image-2019-01-29-at-15.07.26-1-217x300.jpeg 217w\" sizes=\"auto, (max-width: 596px) 100vw, 596px\" \/><\/figure>\n","protected":false},"excerpt":{"rendered":"<p>Este domingo 3 de febrero a las 11:30 h tendr\u00e1 lugar el Encuentro de Bandas Juveniles en el Ateneo Mercantil de Valencia, aqu\u00ed participar\u00e1 nuestra agrupaci\u00f3n y la banda juvenil de Benicalap. \u00a1\u00a1Esperamos veros a todos!!<\/p>\n","protected":false},"author":1,"featured_media":0,"comment_status":"open","ping_status":"open","sticky":false,"template":"","format":"standard","meta":{"footnotes":""},"categories":[1],"tags":[],"class_list":["post-474","post","type-post","status-publish","format-standard","hentry","category-sense-categoria"],"_links":{"self":[{"href":"http:\/\/santaceciliadelgrao.com\/index.php?rest_route=\/wp\/v2\/posts\/474","targetHints":{"allow":["GET"]}}],"collection":[{"href":"http:\/\/santaceciliadelgrao.com\/index.php?rest_route=\/wp\/v2\/posts"}],"about":[{"href":"http:\/\/santaceciliadelgrao.com\/index.php?rest_route=\/wp\/v2\/types\/post"}],"author":[{"embeddable":true,"href":"http:\/\/santaceciliadelgrao.com\/index.php?rest_route=\/wp\/v2\/users\/1"}],"replies":[{"embeddable":true,"href":"http:\/\/santaceciliadelgrao.com\/index.php?rest_route=%2Fwp%2Fv2%2Fcomments&post=474"}],"version-history":[{"count":2,"href":"http:\/\/santaceciliadelgrao.com\/index.php?rest_route=\/wp\/v2\/posts\/474\/revisions"}],"predecessor-version":[{"id":482,"href":"http:\/\/santaceciliadelgrao.com\/index.php?rest_route=\/wp\/v2\/posts\/474\/revisions\/482"}],"wp:attachment":[{"href":"http:\/\/santaceciliadelgrao.com\/index.php?rest_route=%2Fwp%2Fv2%2Fmedia&parent=474"}],"wp:term":[{"taxonomy":"category","embeddable":true,"href":"http:\/\/santaceciliadelgrao.com\/index.php?rest_route=%2Fwp%2Fv2%2Fcategories&post=474"},{"taxonomy":"post_tag","embeddable":true,"href":"http:\/\/santaceciliadelgrao.com\/index.php?rest_route=%2Fwp%2Fv2%2Ftags&post=474"}],"curies":[{"name":"wp","href":"https:\/\/api.w.org\/{rel}","templated":true}]}}