{"id":443,"date":"2018-11-02T08:49:11","date_gmt":"2018-11-02T08:49:11","guid":{"rendered":"http:\/\/santaceciliadelgrao.com\/?p=443"},"modified":"2018-11-02T08:59:03","modified_gmt":"2018-11-02T08:59:03","slug":"xxxiv-festival-de-bandas-de-musica-del-maritimo","status":"publish","type":"post","link":"http:\/\/santaceciliadelgrao.com\/?p=443","title":{"rendered":"XXIV Festival de Bandas de M\u00fasica del Mar\u00edtimo"},"content":{"rendered":"<div class=\"\" data-block=\"true\" data-editor=\"amf0s\" data-offset-key=\"3mrj0-0-0\">\n<div class=\"_1mf _1mj\" data-offset-key=\"3mrj0-0-0\"><span style=\"color: #000000;\" data-offset-key=\"3mrj0-0-0\">El domingo 11 de noviembre, el Teatro El Musical de Valencia acoger\u00e1 el XXIV Festival de Bandas de M\u00fasica del Mar\u00edtimo. El festival empezar\u00e1 a las 10:00 h y participaremos junto con la Sociedad Musical Uni\u00f3n de Pescadores, Sociedad Musical Poblados Mar\u00edtimos, Cmd Nazaret y Ateneo Musical del Puerto. <\/span><\/div>\n<\/div>\n<div class=\"\" data-block=\"true\" data-editor=\"amf0s\" data-offset-key=\"9ccje-0-0\">\n<div class=\"_1mf _1mj\" data-offset-key=\"9ccje-0-0\"><span style=\"color: #000000;\" data-offset-key=\"9ccje-0-0\">\u00a0<\/span><\/div>\n<\/div>\n<div class=\"\" data-block=\"true\" data-editor=\"amf0s\" data-offset-key=\"7hvg2-0-0\">\n<div class=\"_1mf _1mj\" data-offset-key=\"7hvg2-0-0\"><span style=\"color: #000000;\" data-offset-key=\"7hvg2-0-0\">Este a\u00f1o el concierto estar\u00e1 dedicado al compositor valenciano Teo Aparicio Barber\u00e1n. Adem\u00e1s, aprovecharemos para llevar a cabo una campa\u00f1a de recogida de alimentos y material escolar para los ni\u00f1os m\u00e1s necesitados. \u00a1Esperamos veros a todos!<\/span><\/div>\n<div data-offset-key=\"7hvg2-0-0\"><\/div>\n<div data-offset-key=\"7hvg2-0-0\"><img loading=\"lazy\" decoding=\"async\" class=\"wp-image-444 aligncenter\" src=\"http:\/\/santaceciliadelgrao.com\/wp-content\/uploads\/2018\/11\/Cartel-UNIDOS-2018-Pendiente-Revisi\u00f3n-Paco-copia-1-001.jpg\" alt=\"\" width=\"770\" height=\"1089\" srcset=\"http:\/\/santaceciliadelgrao.com\/wp-content\/uploads\/2018\/11\/Cartel-UNIDOS-2018-Pendiente-Revisi\u00f3n-Paco-copia-1-001.jpg 1191w, http:\/\/santaceciliadelgrao.com\/wp-content\/uploads\/2018\/11\/Cartel-UNIDOS-2018-Pendiente-Revisi\u00f3n-Paco-copia-1-001-212x300.jpg 212w, http:\/\/santaceciliadelgrao.com\/wp-content\/uploads\/2018\/11\/Cartel-UNIDOS-2018-Pendiente-Revisi\u00f3n-Paco-copia-1-001-768x1086.jpg 768w, http:\/\/santaceciliadelgrao.com\/wp-content\/uploads\/2018\/11\/Cartel-UNIDOS-2018-Pendiente-Revisi\u00f3n-Paco-copia-1-001-724x1024.jpg 724w, http:\/\/santaceciliadelgrao.com\/wp-content\/uploads\/2018\/11\/Cartel-UNIDOS-2018-Pendiente-Revisi\u00f3n-Paco-copia-1-001-1024x1448.jpg 1024w, http:\/\/santaceciliadelgrao.com\/wp-content\/uploads\/2018\/11\/Cartel-UNIDOS-2018-Pendiente-Revisi\u00f3n-Paco-copia-1-001-764x1080.jpg 764w\" sizes=\"auto, (max-width: 770px) 100vw, 770px\" \/><\/div>\n<\/div>\n","protected":false},"excerpt":{"rendered":"<p>El domingo 11 de noviembre, el Teatro El Musical de Valencia acoger\u00e1 el XXIV Festival de Bandas de M\u00fasica del Mar\u00edtimo. El festival empezar\u00e1 a las 10:00 h y participaremos junto con la Sociedad Musical Uni\u00f3n de Pescadores, Sociedad Musical Poblados Mar\u00edtimos, Cmd Nazaret y Ateneo Musical del Puerto. \u00a0 Este a\u00f1o el concierto estar\u00e1&hellip; <br \/> <a class=\"button small blue\" href=\"http:\/\/santaceciliadelgrao.com\/?p=443\">Read more<\/a><\/p>\n","protected":false},"author":1,"featured_media":0,"comment_status":"open","ping_status":"open","sticky":false,"template":"","format":"standard","meta":{"footnotes":""},"categories":[1],"tags":[],"class_list":["post-443","post","type-post","status-publish","format-standard","hentry","category-sense-categoria"],"_links":{"self":[{"href":"http:\/\/santaceciliadelgrao.com\/index.php?rest_route=\/wp\/v2\/posts\/443","targetHints":{"allow":["GET"]}}],"collection":[{"href":"http:\/\/santaceciliadelgrao.com\/index.php?rest_route=\/wp\/v2\/posts"}],"about":[{"href":"http:\/\/santaceciliadelgrao.com\/index.php?rest_route=\/wp\/v2\/types\/post"}],"author":[{"embeddable":true,"href":"http:\/\/santaceciliadelgrao.com\/index.php?rest_route=\/wp\/v2\/users\/1"}],"replies":[{"embeddable":true,"href":"http:\/\/santaceciliadelgrao.com\/index.php?rest_route=%2Fwp%2Fv2%2Fcomments&post=443"}],"version-history":[{"count":2,"href":"http:\/\/santaceciliadelgrao.com\/index.php?rest_route=\/wp\/v2\/posts\/443\/revisions"}],"predecessor-version":[{"id":450,"href":"http:\/\/santaceciliadelgrao.com\/index.php?rest_route=\/wp\/v2\/posts\/443\/revisions\/450"}],"wp:attachment":[{"href":"http:\/\/santaceciliadelgrao.com\/index.php?rest_route=%2Fwp%2Fv2%2Fmedia&parent=443"}],"wp:term":[{"taxonomy":"category","embeddable":true,"href":"http:\/\/santaceciliadelgrao.com\/index.php?rest_route=%2Fwp%2Fv2%2Fcategories&post=443"},{"taxonomy":"post_tag","embeddable":true,"href":"http:\/\/santaceciliadelgrao.com\/index.php?rest_route=%2Fwp%2Fv2%2Ftags&post=443"}],"curies":[{"name":"wp","href":"https:\/\/api.w.org\/{rel}","templated":true}]}}