{"id":428,"date":"2018-09-25T09:43:50","date_gmt":"2018-09-25T09:43:50","guid":{"rendered":"http:\/\/santaceciliadelgrao.com\/?p=428"},"modified":"2018-09-25T09:44:44","modified_gmt":"2018-09-25T09:44:44","slug":"programa-dedicado-a-las-sociedades-musicales-del-maritimo","status":"publish","type":"post","link":"http:\/\/santaceciliadelgrao.com\/?p=428","title":{"rendered":"Programa dedicado a las Sociedades Musicales del Mar\u00edtimo"},"content":{"rendered":"<p><span style=\"color: #000000;\">&#8220;El s\u00e1bado 22 de septiembre\u00a0<strong>Nuestras Bandas de M\u00fasica<\/strong>\u00a0se desplaz\u00f3 a la<strong>\u00a0Base Alinghi<\/strong>\u00a0de La Marina de Val\u00e8ncia para estar en directo con las cinco sociedades musicales del Mar\u00edtimo.&#8221;<\/span><\/p>\n<p><span style=\"color: #000000;\">Aqu\u00ed promocionamos el tercer ciclo de conciertos donde, como novedad, se adaptar\u00e1 al formato de festival de manera que actuar\u00e1n dos bandas cada domingo; una del Mar\u00edtimo y otra invitada de la ciudad de Val\u00e8ncia.<\/span><\/p>\n<p><span style=\"color: #000000;\">Os dejamos el link para escuchar el programa completo:<\/span><\/p>\n<p><a href=\"https:\/\/www.nuestrasbandasdemusica.com\/secciones\/secciones-nbm\/radioteca\/programa\/programa-1955.html#!IMG_1663\">https:\/\/www.nuestrasbandasdemusica.com\/secciones\/secciones-nbm\/radioteca\/programa\/programa-1955.html#!IMG_1663<\/a><\/p>\n<p>&nbsp;<\/p>\n<p><img loading=\"lazy\" decoding=\"async\" class=\"alignnone wp-image-429\" src=\"http:\/\/santaceciliadelgrao.com\/wp-content\/uploads\/2018\/09\/WhatsApp-Image-2018-09-22-at-12.45.35.jpeg\" alt=\"\" width=\"1180\" height=\"367\" srcset=\"http:\/\/santaceciliadelgrao.com\/wp-content\/uploads\/2018\/09\/WhatsApp-Image-2018-09-22-at-12.45.35.jpeg 1600w, http:\/\/santaceciliadelgrao.com\/wp-content\/uploads\/2018\/09\/WhatsApp-Image-2018-09-22-at-12.45.35-300x93.jpeg 300w, http:\/\/santaceciliadelgrao.com\/wp-content\/uploads\/2018\/09\/WhatsApp-Image-2018-09-22-at-12.45.35-768x239.jpeg 768w, http:\/\/santaceciliadelgrao.com\/wp-content\/uploads\/2018\/09\/WhatsApp-Image-2018-09-22-at-12.45.35-1024x318.jpeg 1024w\" sizes=\"auto, (max-width: 1180px) 100vw, 1180px\" \/> <img loading=\"lazy\" decoding=\"async\" class=\" wp-image-431 aligncenter\" src=\"http:\/\/santaceciliadelgrao.com\/wp-content\/uploads\/2018\/09\/WhatsApp-Image-2018-09-22-at-12.45.36.jpeg\" alt=\"\" width=\"554\" height=\"415\" srcset=\"http:\/\/santaceciliadelgrao.com\/wp-content\/uploads\/2018\/09\/WhatsApp-Image-2018-09-22-at-12.45.36.jpeg 1600w, http:\/\/santaceciliadelgrao.com\/wp-content\/uploads\/2018\/09\/WhatsApp-Image-2018-09-22-at-12.45.36-300x225.jpeg 300w, http:\/\/santaceciliadelgrao.com\/wp-content\/uploads\/2018\/09\/WhatsApp-Image-2018-09-22-at-12.45.36-768x576.jpeg 768w, http:\/\/santaceciliadelgrao.com\/wp-content\/uploads\/2018\/09\/WhatsApp-Image-2018-09-22-at-12.45.36-1024x768.jpeg 1024w, http:\/\/santaceciliadelgrao.com\/wp-content\/uploads\/2018\/09\/WhatsApp-Image-2018-09-22-at-12.45.36-1440x1080.jpeg 1440w\" sizes=\"auto, (max-width: 554px) 100vw, 554px\" \/><\/p>\n","protected":false},"excerpt":{"rendered":"<p>&#8220;El s\u00e1bado 22 de septiembre\u00a0Nuestras Bandas de M\u00fasica\u00a0se desplaz\u00f3 a la\u00a0Base Alinghi\u00a0de La Marina de Val\u00e8ncia para estar en directo con las cinco sociedades musicales del Mar\u00edtimo.&#8221; Aqu\u00ed promocionamos el tercer ciclo de conciertos donde, como novedad, se adaptar\u00e1 al formato de festival de manera que actuar\u00e1n dos bandas cada domingo; una del Mar\u00edtimo y&hellip; <br \/> <a class=\"button small blue\" href=\"http:\/\/santaceciliadelgrao.com\/?p=428\">Read more<\/a><\/p>\n","protected":false},"author":1,"featured_media":0,"comment_status":"open","ping_status":"open","sticky":false,"template":"","format":"standard","meta":{"footnotes":""},"categories":[1],"tags":[],"class_list":["post-428","post","type-post","status-publish","format-standard","hentry","category-sense-categoria"],"_links":{"self":[{"href":"http:\/\/santaceciliadelgrao.com\/index.php?rest_route=\/wp\/v2\/posts\/428","targetHints":{"allow":["GET"]}}],"collection":[{"href":"http:\/\/santaceciliadelgrao.com\/index.php?rest_route=\/wp\/v2\/posts"}],"about":[{"href":"http:\/\/santaceciliadelgrao.com\/index.php?rest_route=\/wp\/v2\/types\/post"}],"author":[{"embeddable":true,"href":"http:\/\/santaceciliadelgrao.com\/index.php?rest_route=\/wp\/v2\/users\/1"}],"replies":[{"embeddable":true,"href":"http:\/\/santaceciliadelgrao.com\/index.php?rest_route=%2Fwp%2Fv2%2Fcomments&post=428"}],"version-history":[{"count":2,"href":"http:\/\/santaceciliadelgrao.com\/index.php?rest_route=\/wp\/v2\/posts\/428\/revisions"}],"predecessor-version":[{"id":434,"href":"http:\/\/santaceciliadelgrao.com\/index.php?rest_route=\/wp\/v2\/posts\/428\/revisions\/434"}],"wp:attachment":[{"href":"http:\/\/santaceciliadelgrao.com\/index.php?rest_route=%2Fwp%2Fv2%2Fmedia&parent=428"}],"wp:term":[{"taxonomy":"category","embeddable":true,"href":"http:\/\/santaceciliadelgrao.com\/index.php?rest_route=%2Fwp%2Fv2%2Fcategories&post=428"},{"taxonomy":"post_tag","embeddable":true,"href":"http:\/\/santaceciliadelgrao.com\/index.php?rest_route=%2Fwp%2Fv2%2Ftags&post=428"}],"curies":[{"name":"wp","href":"https:\/\/api.w.org\/{rel}","templated":true}]}}