{"id":421,"date":"2018-09-11T09:55:19","date_gmt":"2018-09-11T09:55:19","guid":{"rendered":"http:\/\/santaceciliadelgrao.com\/?p=421"},"modified":"2018-09-11T09:55:19","modified_gmt":"2018-09-11T09:55:19","slug":"fiesta-del-amigo-2018","status":"publish","type":"post","link":"http:\/\/santaceciliadelgrao.com\/?p=421","title":{"rendered":"FIESTA DEL AMIGO 2018"},"content":{"rendered":"<p>Y para seguir con la marcha&#8230;<br \/>\nCon motivo de la apertura del nuevo curso, queremos invitarles a una fiesta de bienvenida que organizaremos el pr\u00f3ximo d\u00eda 14 de septiembre a las 18:00 h en el local de la calle M\u00e9ndez N\u00fa\u00f1ez, 4. Todo alumno de la escuela de m\u00fasica podr\u00e1 traer un amigo y juntos disfrutar de una gymkana musical donde se dar\u00e1n a conocer todos los instrumentos que forman una banda de m\u00fasica. Para finalizar, se obsequiar\u00e1 a los alumnos con alg\u00fan que otro premio.<br \/>\nY mientras los ni\u00f1os est\u00e1n divirti\u00e9ndose, los padres podr\u00e1n esperarlos en nuestro local social disfrutando de alg\u00fan refrigerio.<br \/>\n\u00a1\u00a1Os esperamos!!<\/p>\n<p><img loading=\"lazy\" decoding=\"async\" class=\"size-full wp-image-422 aligncenter\" src=\"http:\/\/santaceciliadelgrao.com\/wp-content\/uploads\/2018\/09\/cartel-fiesta-del-amigo.jpg\" alt=\"\" width=\"1447\" height=\"2048\" srcset=\"http:\/\/santaceciliadelgrao.com\/wp-content\/uploads\/2018\/09\/cartel-fiesta-del-amigo.jpg 1447w, http:\/\/santaceciliadelgrao.com\/wp-content\/uploads\/2018\/09\/cartel-fiesta-del-amigo-212x300.jpg 212w, http:\/\/santaceciliadelgrao.com\/wp-content\/uploads\/2018\/09\/cartel-fiesta-del-amigo-768x1087.jpg 768w, http:\/\/santaceciliadelgrao.com\/wp-content\/uploads\/2018\/09\/cartel-fiesta-del-amigo-724x1024.jpg 724w, http:\/\/santaceciliadelgrao.com\/wp-content\/uploads\/2018\/09\/cartel-fiesta-del-amigo-1024x1449.jpg 1024w, http:\/\/santaceciliadelgrao.com\/wp-content\/uploads\/2018\/09\/cartel-fiesta-del-amigo-763x1080.jpg 763w\" sizes=\"auto, (max-width: 1447px) 100vw, 1447px\" \/><\/p>\n","protected":false},"excerpt":{"rendered":"<p>Y para seguir con la marcha&#8230; Con motivo de la apertura del nuevo curso, queremos invitarles a una fiesta de bienvenida que organizaremos el pr\u00f3ximo d\u00eda 14 de septiembre a las 18:00 h en el local de la calle M\u00e9ndez N\u00fa\u00f1ez, 4. Todo alumno de la escuela de m\u00fasica podr\u00e1 traer un amigo y juntos&hellip; <br \/> <a class=\"button small blue\" href=\"http:\/\/santaceciliadelgrao.com\/?p=421\">Read more<\/a><\/p>\n","protected":false},"author":1,"featured_media":0,"comment_status":"open","ping_status":"open","sticky":false,"template":"","format":"standard","meta":{"footnotes":""},"categories":[1],"tags":[],"class_list":["post-421","post","type-post","status-publish","format-standard","hentry","category-sense-categoria"],"_links":{"self":[{"href":"http:\/\/santaceciliadelgrao.com\/index.php?rest_route=\/wp\/v2\/posts\/421","targetHints":{"allow":["GET"]}}],"collection":[{"href":"http:\/\/santaceciliadelgrao.com\/index.php?rest_route=\/wp\/v2\/posts"}],"about":[{"href":"http:\/\/santaceciliadelgrao.com\/index.php?rest_route=\/wp\/v2\/types\/post"}],"author":[{"embeddable":true,"href":"http:\/\/santaceciliadelgrao.com\/index.php?rest_route=\/wp\/v2\/users\/1"}],"replies":[{"embeddable":true,"href":"http:\/\/santaceciliadelgrao.com\/index.php?rest_route=%2Fwp%2Fv2%2Fcomments&post=421"}],"version-history":[{"count":1,"href":"http:\/\/santaceciliadelgrao.com\/index.php?rest_route=\/wp\/v2\/posts\/421\/revisions"}],"predecessor-version":[{"id":423,"href":"http:\/\/santaceciliadelgrao.com\/index.php?rest_route=\/wp\/v2\/posts\/421\/revisions\/423"}],"wp:attachment":[{"href":"http:\/\/santaceciliadelgrao.com\/index.php?rest_route=%2Fwp%2Fv2%2Fmedia&parent=421"}],"wp:term":[{"taxonomy":"category","embeddable":true,"href":"http:\/\/santaceciliadelgrao.com\/index.php?rest_route=%2Fwp%2Fv2%2Fcategories&post=421"},{"taxonomy":"post_tag","embeddable":true,"href":"http:\/\/santaceciliadelgrao.com\/index.php?rest_route=%2Fwp%2Fv2%2Ftags&post=421"}],"curies":[{"name":"wp","href":"https:\/\/api.w.org\/{rel}","templated":true}]}}