{"id":4180,"date":"2026-03-10T10:18:37","date_gmt":"2026-03-10T10:18:37","guid":{"rendered":"http:\/\/santaceciliadelgrao.com\/?p=4180"},"modified":"2026-03-10T10:18:39","modified_gmt":"2026-03-10T10:18:39","slug":"audicions-de-primavera-2","status":"publish","type":"post","link":"http:\/\/santaceciliadelgrao.com\/?p=4180","title":{"rendered":"Audicions de primavera"},"content":{"rendered":"\n<pre class=\"wp-block-preformatted\"><\/pre>\n\n\n\n<div class=\"wp-block-media-text is-stacked-on-mobile\"><figure class=\"wp-block-media-text__media\"><img loading=\"lazy\" decoding=\"async\" width=\"590\" height=\"834\" src=\"http:\/\/santaceciliadelgrao.com\/wp-content\/uploads\/2026\/03\/Captura-de-pantalla-2026-03-10-110610.png\" alt=\"\" class=\"wp-image-4181 size-full\" srcset=\"http:\/\/santaceciliadelgrao.com\/wp-content\/uploads\/2026\/03\/Captura-de-pantalla-2026-03-10-110610.png 590w, http:\/\/santaceciliadelgrao.com\/wp-content\/uploads\/2026\/03\/Captura-de-pantalla-2026-03-10-110610-212x300.png 212w\" sizes=\"auto, (max-width: 590px) 100vw, 590px\" \/><\/figure><div class=\"wp-block-media-text__content\">\n<p>Des d&#8217;esta vesprada fins al dimecres 12 t&#8217;esperem a la nostra escola de m\u00fasica per a gaudir de les actuacions del nostre alumnat en les audicions de les diverses aules d&#8217;instruments.<\/p>\n\n\n\n<p>Volem compartir amb les fam\u00edlies els progressos dels seus fills i filles, i tamb\u00e9 de l&#8217;alumnat adult. Una fant\u00e0stica manera d&#8217;aprofitar les vesprades i donar suport al treball de professorat i alumnes.<\/p>\n\n\n\n<p>T&#8217;hi esperem!<\/p>\n<\/div><\/div>\n\n\n\n<p><\/p>\n","protected":false},"excerpt":{"rendered":"<p>Des d&#8217;esta vesprada fins al dimecres 12 t&#8217;esperem a la nostra escola de m\u00fasica per a gaudir de les actuacions del nostre alumnat en les audicions de les diverses aules d&#8217;instruments. Volem compartir amb les fam\u00edlies els progressos dels seus fills i filles, i tamb\u00e9 de l&#8217;alumnat adult. Una fant\u00e0stica manera d&#8217;aprofitar les vesprades i&hellip; <br \/> <a class=\"button small blue\" href=\"http:\/\/santaceciliadelgrao.com\/?p=4180\">Read more<\/a><\/p>\n","protected":false},"author":1,"featured_media":4182,"comment_status":"open","ping_status":"open","sticky":false,"template":"","format":"standard","meta":{"footnotes":""},"categories":[85],"tags":[87,32],"class_list":["post-4180","post","type-post","status-publish","format-standard","has-post-thumbnail","hentry","category-noticies","tag-audicions","tag-escola"],"_links":{"self":[{"href":"http:\/\/santaceciliadelgrao.com\/index.php?rest_route=\/wp\/v2\/posts\/4180","targetHints":{"allow":["GET"]}}],"collection":[{"href":"http:\/\/santaceciliadelgrao.com\/index.php?rest_route=\/wp\/v2\/posts"}],"about":[{"href":"http:\/\/santaceciliadelgrao.com\/index.php?rest_route=\/wp\/v2\/types\/post"}],"author":[{"embeddable":true,"href":"http:\/\/santaceciliadelgrao.com\/index.php?rest_route=\/wp\/v2\/users\/1"}],"replies":[{"embeddable":true,"href":"http:\/\/santaceciliadelgrao.com\/index.php?rest_route=%2Fwp%2Fv2%2Fcomments&post=4180"}],"version-history":[{"count":2,"href":"http:\/\/santaceciliadelgrao.com\/index.php?rest_route=\/wp\/v2\/posts\/4180\/revisions"}],"predecessor-version":[{"id":4184,"href":"http:\/\/santaceciliadelgrao.com\/index.php?rest_route=\/wp\/v2\/posts\/4180\/revisions\/4184"}],"wp:featuredmedia":[{"embeddable":true,"href":"http:\/\/santaceciliadelgrao.com\/index.php?rest_route=\/wp\/v2\/media\/4182"}],"wp:attachment":[{"href":"http:\/\/santaceciliadelgrao.com\/index.php?rest_route=%2Fwp%2Fv2%2Fmedia&parent=4180"}],"wp:term":[{"taxonomy":"category","embeddable":true,"href":"http:\/\/santaceciliadelgrao.com\/index.php?rest_route=%2Fwp%2Fv2%2Fcategories&post=4180"},{"taxonomy":"post_tag","embeddable":true,"href":"http:\/\/santaceciliadelgrao.com\/index.php?rest_route=%2Fwp%2Fv2%2Ftags&post=4180"}],"curies":[{"name":"wp","href":"https:\/\/api.w.org\/{rel}","templated":true}]}}