{"id":4169,"date":"2025-12-16T13:04:14","date_gmt":"2025-12-16T13:04:14","guid":{"rendered":"http:\/\/santaceciliadelgrao.com\/?p=4169"},"modified":"2025-12-16T13:04:34","modified_gmt":"2025-12-16T13:04:34","slug":"concierto-especial-de-navidad","status":"publish","type":"post","link":"http:\/\/santaceciliadelgrao.com\/?p=4169","title":{"rendered":"Concierto especial de Navidad"},"content":{"rendered":"<\/p>\n\n\n<div class=\"wp-block-media-text is-stacked-on-mobile\"><figure class=\"wp-block-media-text__media\"><img loading=\"lazy\" decoding=\"async\" width=\"819\" height=\"1024\" src=\"http:\/\/santaceciliadelgrao.com\/wp-content\/uploads\/2025\/12\/WhatsApp-Image-2025-12-15-at-10.00.31-819x1024.jpeg\" alt=\"\" class=\"wp-image-4165 size-full\" srcset=\"http:\/\/santaceciliadelgrao.com\/wp-content\/uploads\/2025\/12\/WhatsApp-Image-2025-12-15-at-10.00.31-819x1024.jpeg 819w, http:\/\/santaceciliadelgrao.com\/wp-content\/uploads\/2025\/12\/WhatsApp-Image-2025-12-15-at-10.00.31-240x300.jpeg 240w, http:\/\/santaceciliadelgrao.com\/wp-content\/uploads\/2025\/12\/WhatsApp-Image-2025-12-15-at-10.00.31-768x960.jpeg 768w, http:\/\/santaceciliadelgrao.com\/wp-content\/uploads\/2025\/12\/WhatsApp-Image-2025-12-15-at-10.00.31-1024x1280.jpeg 1024w, http:\/\/santaceciliadelgrao.com\/wp-content\/uploads\/2025\/12\/WhatsApp-Image-2025-12-15-at-10.00.31-864x1080.jpeg 864w, http:\/\/santaceciliadelgrao.com\/wp-content\/uploads\/2025\/12\/WhatsApp-Image-2025-12-15-at-10.00.31.jpeg 1080w\" sizes=\"auto, (max-width: 819px) 100vw, 819px\" \/><\/figure><div class=\"wp-block-media-text__content\">\n<p>Se acercan las fiestas de Navidad y, como cada a\u00f1o, SCG quiere compartir con todos vosotros estos momentos tan especiales con nuestros mejores deseos para estos d\u00edas y para el a\u00f1o que viene.<\/p>\n\n\n\n<p>Os invitamos a que acompa\u00f1\u00e9is a nuestro coro, coro infantil, banda escolar y banda titular en una tarde llena de voces y m\u00fasica. <\/p>\n\n\n\n<p>Feliz Navidad!<\/p>\n<\/div><\/div>\n","protected":false},"excerpt":{"rendered":"<p>Se acercan las fiestas de Navidad y, como cada a\u00f1o, SCG quiere compartir con todos vosotros estos momentos tan especiales con nuestros mejores deseos para estos d\u00edas y para el a\u00f1o que viene. Os invitamos a que acompa\u00f1\u00e9is a nuestro coro, coro infantil, banda escolar y banda titular en una tarde llena de voces y&hellip; <br \/> <a class=\"button small blue\" href=\"http:\/\/santaceciliadelgrao.com\/?p=4169\">Read more<\/a><\/p>\n","protected":false},"author":1,"featured_media":4166,"comment_status":"open","ping_status":"open","sticky":false,"template":"","format":"standard","meta":{"footnotes":""},"categories":[174],"tags":[368,314,365,25,245],"class_list":["post-4169","post","type-post","status-publish","format-standard","has-post-thumbnail","hentry","category-noticias","tag-banda-sinfonica-es","tag-concierto-es","tag-director","tag-escuela","tag-navidad"],"_links":{"self":[{"href":"http:\/\/santaceciliadelgrao.com\/index.php?rest_route=\/wp\/v2\/posts\/4169","targetHints":{"allow":["GET"]}}],"collection":[{"href":"http:\/\/santaceciliadelgrao.com\/index.php?rest_route=\/wp\/v2\/posts"}],"about":[{"href":"http:\/\/santaceciliadelgrao.com\/index.php?rest_route=\/wp\/v2\/types\/post"}],"author":[{"embeddable":true,"href":"http:\/\/santaceciliadelgrao.com\/index.php?rest_route=\/wp\/v2\/users\/1"}],"replies":[{"embeddable":true,"href":"http:\/\/santaceciliadelgrao.com\/index.php?rest_route=%2Fwp%2Fv2%2Fcomments&post=4169"}],"version-history":[{"count":1,"href":"http:\/\/santaceciliadelgrao.com\/index.php?rest_route=\/wp\/v2\/posts\/4169\/revisions"}],"predecessor-version":[{"id":4170,"href":"http:\/\/santaceciliadelgrao.com\/index.php?rest_route=\/wp\/v2\/posts\/4169\/revisions\/4170"}],"wp:featuredmedia":[{"embeddable":true,"href":"http:\/\/santaceciliadelgrao.com\/index.php?rest_route=\/wp\/v2\/media\/4166"}],"wp:attachment":[{"href":"http:\/\/santaceciliadelgrao.com\/index.php?rest_route=%2Fwp%2Fv2%2Fmedia&parent=4169"}],"wp:term":[{"taxonomy":"category","embeddable":true,"href":"http:\/\/santaceciliadelgrao.com\/index.php?rest_route=%2Fwp%2Fv2%2Fcategories&post=4169"},{"taxonomy":"post_tag","embeddable":true,"href":"http:\/\/santaceciliadelgrao.com\/index.php?rest_route=%2Fwp%2Fv2%2Ftags&post=4169"}],"curies":[{"name":"wp","href":"https:\/\/api.w.org\/{rel}","templated":true}]}}