{"id":4154,"date":"2025-12-16T12:45:31","date_gmt":"2025-12-16T12:45:31","guid":{"rendered":"http:\/\/santaceciliadelgrao.com\/?p=4154"},"modified":"2025-12-16T12:51:52","modified_gmt":"2025-12-16T12:51:52","slug":"comencen-les-audicions-de-nadal","status":"publish","type":"post","link":"http:\/\/santaceciliadelgrao.com\/?p=4154","title":{"rendered":"Comencen les audicions de Nadal"},"content":{"rendered":"<\/p>\n\n\n<div class=\"wp-block-media-text is-stacked-on-mobile\"><figure class=\"wp-block-media-text__media\"><img loading=\"lazy\" decoding=\"async\" width=\"819\" height=\"1024\" src=\"http:\/\/santaceciliadelgrao.com\/wp-content\/uploads\/2025\/12\/WhatsApp-Image-2025-12-15-at-17.05.00-819x1024.jpeg\" alt=\"\" class=\"wp-image-4155 size-full\" srcset=\"http:\/\/santaceciliadelgrao.com\/wp-content\/uploads\/2025\/12\/WhatsApp-Image-2025-12-15-at-17.05.00-819x1024.jpeg 819w, http:\/\/santaceciliadelgrao.com\/wp-content\/uploads\/2025\/12\/WhatsApp-Image-2025-12-15-at-17.05.00-240x300.jpeg 240w, http:\/\/santaceciliadelgrao.com\/wp-content\/uploads\/2025\/12\/WhatsApp-Image-2025-12-15-at-17.05.00-768x960.jpeg 768w, http:\/\/santaceciliadelgrao.com\/wp-content\/uploads\/2025\/12\/WhatsApp-Image-2025-12-15-at-17.05.00-1024x1280.jpeg 1024w, http:\/\/santaceciliadelgrao.com\/wp-content\/uploads\/2025\/12\/WhatsApp-Image-2025-12-15-at-17.05.00-864x1080.jpeg 864w, http:\/\/santaceciliadelgrao.com\/wp-content\/uploads\/2025\/12\/WhatsApp-Image-2025-12-15-at-17.05.00.jpeg 1080w\" sizes=\"auto, (max-width: 819px) 100vw, 819px\" \/><\/figure><div class=\"wp-block-media-text__content\">\n<p>Nadal ja ha arribat i amb ell tamb\u00e9 arriben les <strong>audicions en l\u00ednia<\/strong>!<\/p>\n\n\n\n<p>Enguany hem rebut m\u00e9s de 100 v\u00eddeos de tot el nostra alumnat.<\/p>\n\n\n\n<p>Comen\u00e7aran esta mateixa vesprada a les 20.00 h, i es podran seguir pel nostra canal de <strong>YouTube<\/strong> fins al 23 de desembre. Cada sessi\u00f3 t\u00e9 una duraci\u00f3 aproximada de 30 minuts.<\/p>\n\n\n\n<p>Connecta&#8217;t al nostre canal i gaudix amb nosaltres de les audicions m\u00e9s esperades de l&#8217;any.<\/p>\n\n\n\n<p><\/p>\n<\/div><\/div>\n","protected":false},"excerpt":{"rendered":"<p>Nadal ja ha arribat i amb ell tamb\u00e9 arriben les audicions en l\u00ednia! Enguany hem rebut m\u00e9s de 100 v\u00eddeos de tot el nostra alumnat. Comen\u00e7aran esta mateixa vesprada a les 20.00 h, i es podran seguir pel nostra canal de YouTube fins al 23 de desembre. Cada sessi\u00f3 t\u00e9 una duraci\u00f3 aproximada de 30&hellip; <br \/> <a class=\"button small blue\" href=\"http:\/\/santaceciliadelgrao.com\/?p=4154\">Read more<\/a><\/p>\n","protected":false},"author":1,"featured_media":4156,"comment_status":"open","ping_status":"open","sticky":false,"template":"","format":"standard","meta":{"footnotes":""},"categories":[85],"tags":[87,32,88],"class_list":["post-4154","post","type-post","status-publish","format-standard","has-post-thumbnail","hentry","category-noticies","tag-audicions","tag-escola","tag-nadal"],"_links":{"self":[{"href":"http:\/\/santaceciliadelgrao.com\/index.php?rest_route=\/wp\/v2\/posts\/4154","targetHints":{"allow":["GET"]}}],"collection":[{"href":"http:\/\/santaceciliadelgrao.com\/index.php?rest_route=\/wp\/v2\/posts"}],"about":[{"href":"http:\/\/santaceciliadelgrao.com\/index.php?rest_route=\/wp\/v2\/types\/post"}],"author":[{"embeddable":true,"href":"http:\/\/santaceciliadelgrao.com\/index.php?rest_route=\/wp\/v2\/users\/1"}],"replies":[{"embeddable":true,"href":"http:\/\/santaceciliadelgrao.com\/index.php?rest_route=%2Fwp%2Fv2%2Fcomments&post=4154"}],"version-history":[{"count":4,"href":"http:\/\/santaceciliadelgrao.com\/index.php?rest_route=\/wp\/v2\/posts\/4154\/revisions"}],"predecessor-version":[{"id":4163,"href":"http:\/\/santaceciliadelgrao.com\/index.php?rest_route=\/wp\/v2\/posts\/4154\/revisions\/4163"}],"wp:featuredmedia":[{"embeddable":true,"href":"http:\/\/santaceciliadelgrao.com\/index.php?rest_route=\/wp\/v2\/media\/4156"}],"wp:attachment":[{"href":"http:\/\/santaceciliadelgrao.com\/index.php?rest_route=%2Fwp%2Fv2%2Fmedia&parent=4154"}],"wp:term":[{"taxonomy":"category","embeddable":true,"href":"http:\/\/santaceciliadelgrao.com\/index.php?rest_route=%2Fwp%2Fv2%2Fcategories&post=4154"},{"taxonomy":"post_tag","embeddable":true,"href":"http:\/\/santaceciliadelgrao.com\/index.php?rest_route=%2Fwp%2Fv2%2Ftags&post=4154"}],"curies":[{"name":"wp","href":"https:\/\/api.w.org\/{rel}","templated":true}]}}