{"id":4146,"date":"2025-12-05T13:48:02","date_gmt":"2025-12-05T13:48:02","guid":{"rendered":"http:\/\/santaceciliadelgrao.com\/?p=4146"},"modified":"2025-12-05T13:50:43","modified_gmt":"2025-12-05T13:50:43","slug":"la-banda-senior-se-estrena-este-domingo-en-la-alqueria-julia","status":"publish","type":"post","link":"http:\/\/santaceciliadelgrao.com\/?p=4146","title":{"rendered":"La banda s\u00e9nior se estrena este domingo en la Alquer\u00eda Juli\u00e0"},"content":{"rendered":"<p>\u00a0<\/p>\n<p>\u00a0<\/p>\n\n\n<figure class=\"wp-block-image size-full\"><img loading=\"lazy\" decoding=\"async\" width=\"786\" height=\"763\" src=\"http:\/\/santaceciliadelgrao.com\/wp-content\/uploads\/2025\/12\/Captura55.jpg\" alt=\"\" class=\"wp-image-4143\" srcset=\"http:\/\/santaceciliadelgrao.com\/wp-content\/uploads\/2025\/12\/Captura55.jpg 786w, http:\/\/santaceciliadelgrao.com\/wp-content\/uploads\/2025\/12\/Captura55-300x291.jpg 300w, http:\/\/santaceciliadelgrao.com\/wp-content\/uploads\/2025\/12\/Captura55-768x746.jpg 768w\" sizes=\"auto, (max-width: 786px) 100vw, 786px\" \/><\/figure>\n\n\n\n<figure class=\"wp-block-image size-full\"><img loading=\"lazy\" decoding=\"async\" width=\"783\" height=\"767\" src=\"http:\/\/santaceciliadelgrao.com\/wp-content\/uploads\/2025\/12\/66.jpg\" alt=\"\" class=\"wp-image-4144\" srcset=\"http:\/\/santaceciliadelgrao.com\/wp-content\/uploads\/2025\/12\/66.jpg 783w, http:\/\/santaceciliadelgrao.com\/wp-content\/uploads\/2025\/12\/66-300x294.jpg 300w, http:\/\/santaceciliadelgrao.com\/wp-content\/uploads\/2025\/12\/66-768x752.jpg 768w\" sizes=\"auto, (max-width: 783px) 100vw, 783px\" \/><\/figure>\n","protected":false},"excerpt":{"rendered":"<p>\u00a0 \u00a0<\/p>\n","protected":false},"author":1,"featured_media":4151,"comment_status":"open","ping_status":"open","sticky":false,"template":"","format":"standard","meta":{"footnotes":""},"categories":[174],"tags":[314,365,353],"class_list":["post-4146","post","type-post","status-publish","format-standard","has-post-thumbnail","hentry","category-noticias","tag-concierto-es","tag-director","tag-festival-es"],"_links":{"self":[{"href":"http:\/\/santaceciliadelgrao.com\/index.php?rest_route=\/wp\/v2\/posts\/4146","targetHints":{"allow":["GET"]}}],"collection":[{"href":"http:\/\/santaceciliadelgrao.com\/index.php?rest_route=\/wp\/v2\/posts"}],"about":[{"href":"http:\/\/santaceciliadelgrao.com\/index.php?rest_route=\/wp\/v2\/types\/post"}],"author":[{"embeddable":true,"href":"http:\/\/santaceciliadelgrao.com\/index.php?rest_route=\/wp\/v2\/users\/1"}],"replies":[{"embeddable":true,"href":"http:\/\/santaceciliadelgrao.com\/index.php?rest_route=%2Fwp%2Fv2%2Fcomments&post=4146"}],"version-history":[{"count":2,"href":"http:\/\/santaceciliadelgrao.com\/index.php?rest_route=\/wp\/v2\/posts\/4146\/revisions"}],"predecessor-version":[{"id":4152,"href":"http:\/\/santaceciliadelgrao.com\/index.php?rest_route=\/wp\/v2\/posts\/4146\/revisions\/4152"}],"wp:featuredmedia":[{"embeddable":true,"href":"http:\/\/santaceciliadelgrao.com\/index.php?rest_route=\/wp\/v2\/media\/4151"}],"wp:attachment":[{"href":"http:\/\/santaceciliadelgrao.com\/index.php?rest_route=%2Fwp%2Fv2%2Fmedia&parent=4146"}],"wp:term":[{"taxonomy":"category","embeddable":true,"href":"http:\/\/santaceciliadelgrao.com\/index.php?rest_route=%2Fwp%2Fv2%2Fcategories&post=4146"},{"taxonomy":"post_tag","embeddable":true,"href":"http:\/\/santaceciliadelgrao.com\/index.php?rest_route=%2Fwp%2Fv2%2Ftags&post=4146"}],"curies":[{"name":"wp","href":"https:\/\/api.w.org\/{rel}","templated":true}]}}