{"id":4095,"date":"2025-10-31T07:56:10","date_gmt":"2025-10-31T07:56:10","guid":{"rendered":"http:\/\/santaceciliadelgrao.com\/?p=4095"},"modified":"2025-10-31T07:56:10","modified_gmt":"2025-10-31T07:56:10","slug":"nova-actuacio-del-cor-scg-2","status":"publish","type":"post","link":"http:\/\/santaceciliadelgrao.com\/?p=4095","title":{"rendered":"Nova actuaci\u00f3 del cor SCG"},"content":{"rendered":"<p>\u00a0<\/p>\n<p>\u00a0<\/p>\n\n\n<div class=\"wp-block-media-text is-stacked-on-mobile\"><figure class=\"wp-block-media-text__media\"><img loading=\"lazy\" decoding=\"async\" width=\"819\" height=\"1024\" src=\"http:\/\/santaceciliadelgrao.com\/wp-content\/uploads\/2025\/10\/WhatsApp-Image-2025-10-27-at-10.28.18-819x1024.jpeg\" alt=\"\" class=\"wp-image-4096 size-full\" srcset=\"http:\/\/santaceciliadelgrao.com\/wp-content\/uploads\/2025\/10\/WhatsApp-Image-2025-10-27-at-10.28.18-819x1024.jpeg 819w, http:\/\/santaceciliadelgrao.com\/wp-content\/uploads\/2025\/10\/WhatsApp-Image-2025-10-27-at-10.28.18-240x300.jpeg 240w, http:\/\/santaceciliadelgrao.com\/wp-content\/uploads\/2025\/10\/WhatsApp-Image-2025-10-27-at-10.28.18-768x960.jpeg 768w, http:\/\/santaceciliadelgrao.com\/wp-content\/uploads\/2025\/10\/WhatsApp-Image-2025-10-27-at-10.28.18-864x1080.jpeg 864w, http:\/\/santaceciliadelgrao.com\/wp-content\/uploads\/2025\/10\/WhatsApp-Image-2025-10-27-at-10.28.18.jpeg 1024w\" sizes=\"auto, (max-width: 819px) 100vw, 819px\" \/><\/figure><div class=\"wp-block-media-text__content\">\n<p>Vos esperem este pr\u00f2xim diumenge al Palau de la M\u00fasica per a gaudir de la nova actuaci\u00f3 del nostre cor.<\/p>\n\n\n\n<p>La cita \u00e9s a les 11.30 hores.<\/p>\n\n\n\n<p>No vos ho podeu perdre!<\/p>\n<\/div><\/div>\n","protected":false},"excerpt":{"rendered":"<p>\u00a0 \u00a0 Vos esperem este pr\u00f2xim diumenge al Palau de la M\u00fasica per a gaudir de la nova actuaci\u00f3 del nostre cor. La cita \u00e9s a les 11.30 hores. No vos ho podeu perdre!<\/p>\n","protected":false},"author":1,"featured_media":4098,"comment_status":"open","ping_status":"open","sticky":false,"template":"","format":"standard","meta":{"footnotes":""},"categories":[85],"tags":[89,90,91],"class_list":["post-4095","post","type-post","status-publish","format-standard","has-post-thumbnail","hentry","category-noticies","tag-concert","tag-cor","tag-director-a"],"_links":{"self":[{"href":"http:\/\/santaceciliadelgrao.com\/index.php?rest_route=\/wp\/v2\/posts\/4095","targetHints":{"allow":["GET"]}}],"collection":[{"href":"http:\/\/santaceciliadelgrao.com\/index.php?rest_route=\/wp\/v2\/posts"}],"about":[{"href":"http:\/\/santaceciliadelgrao.com\/index.php?rest_route=\/wp\/v2\/types\/post"}],"author":[{"embeddable":true,"href":"http:\/\/santaceciliadelgrao.com\/index.php?rest_route=\/wp\/v2\/users\/1"}],"replies":[{"embeddable":true,"href":"http:\/\/santaceciliadelgrao.com\/index.php?rest_route=%2Fwp%2Fv2%2Fcomments&post=4095"}],"version-history":[{"count":1,"href":"http:\/\/santaceciliadelgrao.com\/index.php?rest_route=\/wp\/v2\/posts\/4095\/revisions"}],"predecessor-version":[{"id":4097,"href":"http:\/\/santaceciliadelgrao.com\/index.php?rest_route=\/wp\/v2\/posts\/4095\/revisions\/4097"}],"wp:featuredmedia":[{"embeddable":true,"href":"http:\/\/santaceciliadelgrao.com\/index.php?rest_route=\/wp\/v2\/media\/4098"}],"wp:attachment":[{"href":"http:\/\/santaceciliadelgrao.com\/index.php?rest_route=%2Fwp%2Fv2%2Fmedia&parent=4095"}],"wp:term":[{"taxonomy":"category","embeddable":true,"href":"http:\/\/santaceciliadelgrao.com\/index.php?rest_route=%2Fwp%2Fv2%2Fcategories&post=4095"},{"taxonomy":"post_tag","embeddable":true,"href":"http:\/\/santaceciliadelgrao.com\/index.php?rest_route=%2Fwp%2Fv2%2Ftags&post=4095"}],"curies":[{"name":"wp","href":"https:\/\/api.w.org\/{rel}","templated":true}]}}