{"id":4090,"date":"2025-10-23T19:40:47","date_gmt":"2025-10-23T19:40:47","guid":{"rendered":"http:\/\/santaceciliadelgrao.com\/?p=4090"},"modified":"2025-10-23T19:40:49","modified_gmt":"2025-10-23T19:40:49","slug":"scg-recibe-la-ajuda-de-livc-para-instrumentos","status":"publish","type":"post","link":"http:\/\/santaceciliadelgrao.com\/?p=4090","title":{"rendered":"SCG recibe la ajuda de l&#8217;IVC para instrumentos"},"content":{"rendered":"<\/p>\n\n\n<p><strong>La Agrupaci\u00f3n Musical SCG recibe las ayudas del INSTITUT VALENCI\u00c0 DE CULTURA (IVC) para la adquisici\u00f3n de instrumentos musicales.<\/strong><\/p>\n\n\n<div class=\"wp-block-image\">\n<figure class=\"aligncenter size-full\"><img loading=\"lazy\" decoding=\"async\" width=\"670\" height=\"186\" src=\"http:\/\/santaceciliadelgrao.com\/wp-content\/uploads\/2025\/10\/Captura-de-pantalla-2025-10-23-213119.png\" alt=\"\" class=\"wp-image-4083\" srcset=\"http:\/\/santaceciliadelgrao.com\/wp-content\/uploads\/2025\/10\/Captura-de-pantalla-2025-10-23-213119.png 670w, http:\/\/santaceciliadelgrao.com\/wp-content\/uploads\/2025\/10\/Captura-de-pantalla-2025-10-23-213119-300x83.png 300w\" sizes=\"auto, (max-width: 670px) 100vw, 670px\" \/><\/figure>\n<\/div>\n\n\n<p><\/p>\n\n\n\n<p>La Agrupaci\u00f3n Musical Santa Cecilia del Grao ha sido beneficiaria en 2025 de la l\u00ednea de ayudas promovidas por el IVC para mejorar la dotaci\u00f3n de instrumentos musicales en asociaciones musicales sin \u00e1nimo de lucro. Estas subvenciones tienen como objetivo enriquecer la oferta musical y la formaci\u00f3n de m\u00fasicos valencianos.<br>Gracias a la ayuda del IVC se ha podido adquirir un flaut\u00edn, un tromb\u00f3n bajo y un saxo bar\u00edtono que permitir\u00e1n mejorar la dotaci\u00f3n instrumental y fortalecer la labor cultural y educativa en el \u00e1mbito musical que ejerce nuestra agrupaci\u00f3n musical.<\/p>\n","protected":false},"excerpt":{"rendered":"<p>La Agrupaci\u00f3n Musical SCG recibe las ayudas del INSTITUT VALENCI\u00c0 DE CULTURA (IVC) para la adquisici\u00f3n de instrumentos musicales. La Agrupaci\u00f3n Musical Santa Cecilia del Grao ha sido beneficiaria en 2025 de la l\u00ednea de ayudas promovidas por el IVC para mejorar la dotaci\u00f3n de instrumentos musicales en asociaciones musicales sin \u00e1nimo de lucro. Estas&hellip; <br \/> <a class=\"button small blue\" href=\"http:\/\/santaceciliadelgrao.com\/?p=4090\">Read more<\/a><\/p>\n","protected":false},"author":1,"featured_media":4087,"comment_status":"open","ping_status":"open","sticky":false,"template":"","format":"standard","meta":{"footnotes":""},"categories":[174],"tags":[25],"class_list":["post-4090","post","type-post","status-publish","format-standard","has-post-thumbnail","hentry","category-noticias","tag-escuela"],"_links":{"self":[{"href":"http:\/\/santaceciliadelgrao.com\/index.php?rest_route=\/wp\/v2\/posts\/4090","targetHints":{"allow":["GET"]}}],"collection":[{"href":"http:\/\/santaceciliadelgrao.com\/index.php?rest_route=\/wp\/v2\/posts"}],"about":[{"href":"http:\/\/santaceciliadelgrao.com\/index.php?rest_route=\/wp\/v2\/types\/post"}],"author":[{"embeddable":true,"href":"http:\/\/santaceciliadelgrao.com\/index.php?rest_route=\/wp\/v2\/users\/1"}],"replies":[{"embeddable":true,"href":"http:\/\/santaceciliadelgrao.com\/index.php?rest_route=%2Fwp%2Fv2%2Fcomments&post=4090"}],"version-history":[{"count":1,"href":"http:\/\/santaceciliadelgrao.com\/index.php?rest_route=\/wp\/v2\/posts\/4090\/revisions"}],"predecessor-version":[{"id":4091,"href":"http:\/\/santaceciliadelgrao.com\/index.php?rest_route=\/wp\/v2\/posts\/4090\/revisions\/4091"}],"wp:featuredmedia":[{"embeddable":true,"href":"http:\/\/santaceciliadelgrao.com\/index.php?rest_route=\/wp\/v2\/media\/4087"}],"wp:attachment":[{"href":"http:\/\/santaceciliadelgrao.com\/index.php?rest_route=%2Fwp%2Fv2%2Fmedia&parent=4090"}],"wp:term":[{"taxonomy":"category","embeddable":true,"href":"http:\/\/santaceciliadelgrao.com\/index.php?rest_route=%2Fwp%2Fv2%2Fcategories&post=4090"},{"taxonomy":"post_tag","embeddable":true,"href":"http:\/\/santaceciliadelgrao.com\/index.php?rest_route=%2Fwp%2Fv2%2Ftags&post=4090"}],"curies":[{"name":"wp","href":"https:\/\/api.w.org\/{rel}","templated":true}]}}