{"id":4082,"date":"2025-10-23T19:38:41","date_gmt":"2025-10-23T19:38:41","guid":{"rendered":"http:\/\/santaceciliadelgrao.com\/?p=4082"},"modified":"2025-10-23T19:38:42","modified_gmt":"2025-10-23T19:38:42","slug":"scg-rep-lajuda-de-livc-per-a-instruments","status":"publish","type":"post","link":"http:\/\/santaceciliadelgrao.com\/?p=4082","title":{"rendered":"SCG rep l&#8217;ajuda de l&#8217;IVC per a instruments"},"content":{"rendered":"<p>\u00a0<\/p>\n<p>\u00a0<\/p>\n\n\n<p><strong>L\u2019Agrupaci\u00f3 Musical SCG ha rebut les ajudes de l\u2019INSTITUT VALENCI\u00c0 DE CULTURA (IVC) per a l\u2019adquisici\u00f3 d\u2019instruments musicals.<\/strong><\/p>\n\n\n<div class=\"wp-block-image\">\n<figure class=\"aligncenter size-full\"><img loading=\"lazy\" decoding=\"async\" width=\"670\" height=\"186\" src=\"http:\/\/santaceciliadelgrao.com\/wp-content\/uploads\/2025\/10\/Captura-de-pantalla-2025-10-23-213119.png\" alt=\"\" class=\"wp-image-4083\" srcset=\"http:\/\/santaceciliadelgrao.com\/wp-content\/uploads\/2025\/10\/Captura-de-pantalla-2025-10-23-213119.png 670w, http:\/\/santaceciliadelgrao.com\/wp-content\/uploads\/2025\/10\/Captura-de-pantalla-2025-10-23-213119-300x83.png 300w\" sizes=\"auto, (max-width: 670px) 100vw, 670px\" \/><\/figure>\n<\/div>\n\n\n<p><\/p>\n\n\n\n<p>L\u2019Agrupaci\u00f3 Musical Santa Cec\u00edlia del Grau ha sigut benefici\u00e0ria en 2025 de la l\u00ednia d\u2019ajudes promoguda per l\u2019IVC per a millorar la dotaci\u00f3 d\u2019instruments musicals en associacions musicals sense \u00e0nim de lucre. Estes subvencions tenen com a objectiu enriquir l\u2019oferta musical i la formaci\u00f3 dels m\u00fasics valencians.<br>Gr\u00e0cies a l\u2019ajuda de l\u2019IVC s\u2019ha pogut adquirir un flaut\u00ed, un tromb\u00f3 baix i un saxo bar\u00edton, que permetran millorar la dotaci\u00f3 instrumental i enfortir la tasca cultural i educativa en l\u2019\u00e0mbit musical que exercix la nostra agrupaci\u00f3 musical.<\/p>\n","protected":false},"excerpt":{"rendered":"<p>\u00a0 \u00a0 L\u2019Agrupaci\u00f3 Musical SCG ha rebut les ajudes de l\u2019INSTITUT VALENCI\u00c0 DE CULTURA (IVC) per a l\u2019adquisici\u00f3 d\u2019instruments musicals. L\u2019Agrupaci\u00f3 Musical Santa Cec\u00edlia del Grau ha sigut benefici\u00e0ria en 2025 de la l\u00ednia d\u2019ajudes promoguda per l\u2019IVC per a millorar la dotaci\u00f3 d\u2019instruments musicals en associacions musicals sense \u00e0nim de lucre. Estes subvencions tenen&hellip; <br \/> <a class=\"button small blue\" href=\"http:\/\/santaceciliadelgrao.com\/?p=4082\">Read more<\/a><\/p>\n","protected":false},"author":1,"featured_media":4087,"comment_status":"open","ping_status":"open","sticky":false,"template":"","format":"standard","meta":{"footnotes":""},"categories":[85],"tags":[32],"class_list":["post-4082","post","type-post","status-publish","format-standard","has-post-thumbnail","hentry","category-noticies","tag-escola"],"_links":{"self":[{"href":"http:\/\/santaceciliadelgrao.com\/index.php?rest_route=\/wp\/v2\/posts\/4082","targetHints":{"allow":["GET"]}}],"collection":[{"href":"http:\/\/santaceciliadelgrao.com\/index.php?rest_route=\/wp\/v2\/posts"}],"about":[{"href":"http:\/\/santaceciliadelgrao.com\/index.php?rest_route=\/wp\/v2\/types\/post"}],"author":[{"embeddable":true,"href":"http:\/\/santaceciliadelgrao.com\/index.php?rest_route=\/wp\/v2\/users\/1"}],"replies":[{"embeddable":true,"href":"http:\/\/santaceciliadelgrao.com\/index.php?rest_route=%2Fwp%2Fv2%2Fcomments&post=4082"}],"version-history":[{"count":5,"href":"http:\/\/santaceciliadelgrao.com\/index.php?rest_route=\/wp\/v2\/posts\/4082\/revisions"}],"predecessor-version":[{"id":4089,"href":"http:\/\/santaceciliadelgrao.com\/index.php?rest_route=\/wp\/v2\/posts\/4082\/revisions\/4089"}],"wp:featuredmedia":[{"embeddable":true,"href":"http:\/\/santaceciliadelgrao.com\/index.php?rest_route=\/wp\/v2\/media\/4087"}],"wp:attachment":[{"href":"http:\/\/santaceciliadelgrao.com\/index.php?rest_route=%2Fwp%2Fv2%2Fmedia&parent=4082"}],"wp:term":[{"taxonomy":"category","embeddable":true,"href":"http:\/\/santaceciliadelgrao.com\/index.php?rest_route=%2Fwp%2Fv2%2Fcategories&post=4082"},{"taxonomy":"post_tag","embeddable":true,"href":"http:\/\/santaceciliadelgrao.com\/index.php?rest_route=%2Fwp%2Fv2%2Ftags&post=4082"}],"curies":[{"name":"wp","href":"https:\/\/api.w.org\/{rel}","templated":true}]}}