{"id":4071,"date":"2025-10-21T06:30:55","date_gmt":"2025-10-21T06:30:55","guid":{"rendered":"http:\/\/santaceciliadelgrao.com\/?p=4071"},"modified":"2025-10-21T06:30:55","modified_gmt":"2025-10-21T06:30:55","slug":"participacion-del-coro-scg-en-la-ii-trobada-de-folklore","status":"publish","type":"post","link":"http:\/\/santaceciliadelgrao.com\/?p=4071","title":{"rendered":"Participaci\u00f3n del coro SCG en la II Trobada de Folklore"},"content":{"rendered":"<p>\u00a0<\/p>\n<p>\u00a0<\/p>\n\n\n<div class=\"wp-block-media-text is-stacked-on-mobile\"><figure class=\"wp-block-media-text__media\"><img loading=\"lazy\" decoding=\"async\" width=\"724\" height=\"1024\" src=\"http:\/\/santaceciliadelgrao.com\/wp-content\/uploads\/2025\/10\/WhatsApp-Image-2025-10-20-at-15.05.38-724x1024.jpeg\" alt=\"\" class=\"wp-image-4062 size-full\" srcset=\"http:\/\/santaceciliadelgrao.com\/wp-content\/uploads\/2025\/10\/WhatsApp-Image-2025-10-20-at-15.05.38-724x1024.jpeg 724w, http:\/\/santaceciliadelgrao.com\/wp-content\/uploads\/2025\/10\/WhatsApp-Image-2025-10-20-at-15.05.38-212x300.jpeg 212w, http:\/\/santaceciliadelgrao.com\/wp-content\/uploads\/2025\/10\/WhatsApp-Image-2025-10-20-at-15.05.38-768x1086.jpeg 768w, http:\/\/santaceciliadelgrao.com\/wp-content\/uploads\/2025\/10\/WhatsApp-Image-2025-10-20-at-15.05.38-1087x1536.jpeg 1087w, http:\/\/santaceciliadelgrao.com\/wp-content\/uploads\/2025\/10\/WhatsApp-Image-2025-10-20-at-15.05.38-1024x1447.jpeg 1024w, http:\/\/santaceciliadelgrao.com\/wp-content\/uploads\/2025\/10\/WhatsApp-Image-2025-10-20-at-15.05.38-764x1080.jpeg 764w, http:\/\/santaceciliadelgrao.com\/wp-content\/uploads\/2025\/10\/WhatsApp-Image-2025-10-20-at-15.05.38.jpeg 1415w\" sizes=\"auto, (max-width: 724px) 100vw, 724px\" \/><\/figure><div class=\"wp-block-media-text__content\">\n<p><\/p>\n\n\n\n<p>El domingo <strong>26 de octubre<\/strong>, el <strong>Monasterio de San Miguel de los Reyes, <\/strong>convertido en la actualidad en sede de la Biblioteca Valenciana Nicolau Primitiu, acoger\u00e1 la <strong>II Trobada de Folklore<\/strong> de la Provincia de Valencia. <strong>La entrada ser\u00e1 libre y gratuita hasta completar aforo<\/strong>, arrancar\u00e1 a las <strong>11:00 horas<\/strong> y es una cita imprescindible para los amantes del folklore valenciano.<\/p>\n\n\n\n<p><strong>El Grup de Danses El Forcat, la Agrupaci\u00f3n Musical Santa Cecilia del Grao, los Ni\u00f1os Cantores Divisi y Algadins Grup de Danses d&#8217;Algemes\u00ed <\/strong>ser\u00e1n las formaciones de las que podremos disfrutar durante el evento a trav\u00e9s de sus actuaciones de m\u00fasica y danza. Organiza y colaboran la Federaci\u00f3n de Folklore de la Comunitat Valenciana i el Institut Valenci\u00e0 de Cultura.<\/p>\n<\/div><\/div>\n","protected":false},"excerpt":{"rendered":"<p>\u00a0 \u00a0 El domingo 26 de octubre, el Monasterio de San Miguel de los Reyes, convertido en la actualidad en sede de la Biblioteca Valenciana Nicolau Primitiu, acoger\u00e1 la II Trobada de Folklore de la Provincia de Valencia. La entrada ser\u00e1 libre y gratuita hasta completar aforo, arrancar\u00e1 a las 11:00 horas y es una&hellip; <br \/> <a class=\"button small blue\" href=\"http:\/\/santaceciliadelgrao.com\/?p=4071\">Read more<\/a><\/p>\n","protected":false},"author":1,"featured_media":4067,"comment_status":"open","ping_status":"open","sticky":false,"template":"","format":"standard","meta":{"footnotes":""},"categories":[174],"tags":[353],"class_list":["post-4071","post","type-post","status-publish","format-standard","has-post-thumbnail","hentry","category-noticias","tag-festival-es"],"_links":{"self":[{"href":"http:\/\/santaceciliadelgrao.com\/index.php?rest_route=\/wp\/v2\/posts\/4071","targetHints":{"allow":["GET"]}}],"collection":[{"href":"http:\/\/santaceciliadelgrao.com\/index.php?rest_route=\/wp\/v2\/posts"}],"about":[{"href":"http:\/\/santaceciliadelgrao.com\/index.php?rest_route=\/wp\/v2\/types\/post"}],"author":[{"embeddable":true,"href":"http:\/\/santaceciliadelgrao.com\/index.php?rest_route=\/wp\/v2\/users\/1"}],"replies":[{"embeddable":true,"href":"http:\/\/santaceciliadelgrao.com\/index.php?rest_route=%2Fwp%2Fv2%2Fcomments&post=4071"}],"version-history":[{"count":3,"href":"http:\/\/santaceciliadelgrao.com\/index.php?rest_route=\/wp\/v2\/posts\/4071\/revisions"}],"predecessor-version":[{"id":4075,"href":"http:\/\/santaceciliadelgrao.com\/index.php?rest_route=\/wp\/v2\/posts\/4071\/revisions\/4075"}],"wp:featuredmedia":[{"embeddable":true,"href":"http:\/\/santaceciliadelgrao.com\/index.php?rest_route=\/wp\/v2\/media\/4067"}],"wp:attachment":[{"href":"http:\/\/santaceciliadelgrao.com\/index.php?rest_route=%2Fwp%2Fv2%2Fmedia&parent=4071"}],"wp:term":[{"taxonomy":"category","embeddable":true,"href":"http:\/\/santaceciliadelgrao.com\/index.php?rest_route=%2Fwp%2Fv2%2Fcategories&post=4071"},{"taxonomy":"post_tag","embeddable":true,"href":"http:\/\/santaceciliadelgrao.com\/index.php?rest_route=%2Fwp%2Fv2%2Ftags&post=4071"}],"curies":[{"name":"wp","href":"https:\/\/api.w.org\/{rel}","templated":true}]}}