{"id":4061,"date":"2025-10-21T06:26:04","date_gmt":"2025-10-21T06:26:04","guid":{"rendered":"http:\/\/santaceciliadelgrao.com\/?p=4061"},"modified":"2025-10-21T06:26:06","modified_gmt":"2025-10-21T06:26:06","slug":"participacio-del-cor-scg-en-la-ii-trobada-de-folklore","status":"publish","type":"post","link":"http:\/\/santaceciliadelgrao.com\/?p=4061","title":{"rendered":"Participaci\u00f3 del cor SCG                                         en la II Trobada de Folklore"},"content":{"rendered":"\n<div class=\"wp-block-media-text is-stacked-on-mobile\"><figure class=\"wp-block-media-text__media\"><img loading=\"lazy\" decoding=\"async\" width=\"724\" height=\"1024\" src=\"http:\/\/santaceciliadelgrao.com\/wp-content\/uploads\/2025\/10\/WhatsApp-Image-2025-10-20-at-15.05.38-724x1024.jpeg\" alt=\"\" class=\"wp-image-4062 size-full\" srcset=\"http:\/\/santaceciliadelgrao.com\/wp-content\/uploads\/2025\/10\/WhatsApp-Image-2025-10-20-at-15.05.38-724x1024.jpeg 724w, http:\/\/santaceciliadelgrao.com\/wp-content\/uploads\/2025\/10\/WhatsApp-Image-2025-10-20-at-15.05.38-212x300.jpeg 212w, http:\/\/santaceciliadelgrao.com\/wp-content\/uploads\/2025\/10\/WhatsApp-Image-2025-10-20-at-15.05.38-768x1086.jpeg 768w, http:\/\/santaceciliadelgrao.com\/wp-content\/uploads\/2025\/10\/WhatsApp-Image-2025-10-20-at-15.05.38-1087x1536.jpeg 1087w, http:\/\/santaceciliadelgrao.com\/wp-content\/uploads\/2025\/10\/WhatsApp-Image-2025-10-20-at-15.05.38-1024x1447.jpeg 1024w, http:\/\/santaceciliadelgrao.com\/wp-content\/uploads\/2025\/10\/WhatsApp-Image-2025-10-20-at-15.05.38-764x1080.jpeg 764w, http:\/\/santaceciliadelgrao.com\/wp-content\/uploads\/2025\/10\/WhatsApp-Image-2025-10-20-at-15.05.38.jpeg 1415w\" sizes=\"auto, (max-width: 724px) 100vw, 724px\" \/><\/figure><div class=\"wp-block-media-text__content\">\n<p>El\u00a0<strong>diumenge 26 d&#8217;octubre<\/strong>, el\u00a0<strong>Monestir de Sant Miquel dels Reis<\/strong>, convertit en l&#8217;actualitat en seu de la Biblioteca Valenciana Nicolau Primitiu, acollir\u00e0 la II Trobada de Folklore de la Prov\u00edncia de Val\u00e8ncia. L&#8217;<strong>entrada ser\u00e0 lliure i gratu\u00efta fins a completar l&#8217;aforament<\/strong>, arrancar\u00e0 a les\u00a0<strong>11.00 hores<\/strong>\u00a0i \u00e9s una cita imprescindible per als amants del folklore valenci\u00e0.\u00a0<br>\u00a0<\/p>\n\n\n\n<p><strong>El Grup de Danses El Forcat, l&#8217;Agrupaci\u00f3 Musical Santa Cec\u00edlia del Grau, els Xiquets Cantors Divisi i Algadins Grup de Danses d&#8217;Algemes\u00ed<\/strong>\u00a0seran les formacions de les quals podrem gaudir durant l&#8217;esdeveniment a trav\u00e9s de les seues actuacions de m\u00fasica i dansa. Organitza i col\u00b7laboren la Federaci\u00f3 de Folklore de la Comunitat Valenciana i el Institut Valenci\u00e0 de Cultura.\u00a0<\/p>\n<\/div><\/div>\n","protected":false},"excerpt":{"rendered":"<p>El\u00a0diumenge 26 d&#8217;octubre, el\u00a0Monestir de Sant Miquel dels Reis, convertit en l&#8217;actualitat en seu de la Biblioteca Valenciana Nicolau Primitiu, acollir\u00e0 la II Trobada de Folklore de la Prov\u00edncia de Val\u00e8ncia. L&#8217;entrada ser\u00e0 lliure i gratu\u00efta fins a completar l&#8217;aforament, arrancar\u00e0 a les\u00a011.00 hores\u00a0i \u00e9s una cita imprescindible per als amants del folklore valenci\u00e0.\u00a0\u00a0 El&hellip; <br \/> <a class=\"button small blue\" href=\"http:\/\/santaceciliadelgrao.com\/?p=4061\">Read more<\/a><\/p>\n","protected":false},"author":1,"featured_media":4067,"comment_status":"open","ping_status":"open","sticky":false,"template":"","format":"standard","meta":{"footnotes":""},"categories":[85],"tags":[90,91,105],"class_list":["post-4061","post","type-post","status-publish","format-standard","has-post-thumbnail","hentry","category-noticies","tag-cor","tag-director-a","tag-festival"],"_links":{"self":[{"href":"http:\/\/santaceciliadelgrao.com\/index.php?rest_route=\/wp\/v2\/posts\/4061","targetHints":{"allow":["GET"]}}],"collection":[{"href":"http:\/\/santaceciliadelgrao.com\/index.php?rest_route=\/wp\/v2\/posts"}],"about":[{"href":"http:\/\/santaceciliadelgrao.com\/index.php?rest_route=\/wp\/v2\/types\/post"}],"author":[{"embeddable":true,"href":"http:\/\/santaceciliadelgrao.com\/index.php?rest_route=\/wp\/v2\/users\/1"}],"replies":[{"embeddable":true,"href":"http:\/\/santaceciliadelgrao.com\/index.php?rest_route=%2Fwp%2Fv2%2Fcomments&post=4061"}],"version-history":[{"count":7,"href":"http:\/\/santaceciliadelgrao.com\/index.php?rest_route=\/wp\/v2\/posts\/4061\/revisions"}],"predecessor-version":[{"id":4070,"href":"http:\/\/santaceciliadelgrao.com\/index.php?rest_route=\/wp\/v2\/posts\/4061\/revisions\/4070"}],"wp:featuredmedia":[{"embeddable":true,"href":"http:\/\/santaceciliadelgrao.com\/index.php?rest_route=\/wp\/v2\/media\/4067"}],"wp:attachment":[{"href":"http:\/\/santaceciliadelgrao.com\/index.php?rest_route=%2Fwp%2Fv2%2Fmedia&parent=4061"}],"wp:term":[{"taxonomy":"category","embeddable":true,"href":"http:\/\/santaceciliadelgrao.com\/index.php?rest_route=%2Fwp%2Fv2%2Fcategories&post=4061"},{"taxonomy":"post_tag","embeddable":true,"href":"http:\/\/santaceciliadelgrao.com\/index.php?rest_route=%2Fwp%2Fv2%2Ftags&post=4061"}],"curies":[{"name":"wp","href":"https:\/\/api.w.org\/{rel}","templated":true}]}}