{"id":4058,"date":"2025-10-21T06:05:40","date_gmt":"2025-10-21T06:05:40","guid":{"rendered":"http:\/\/santaceciliadelgrao.com\/?p=4058"},"modified":"2025-10-23T19:46:14","modified_gmt":"2025-10-23T19:46:14","slug":"xxxi-festival-de-bandas-del-maritim","status":"publish","type":"post","link":"http:\/\/santaceciliadelgrao.com\/?p=4058","title":{"rendered":"XXXI Festival de Bandas del Mar\u00edtim"},"content":{"rendered":"<\/p>\n\n\n<div class=\"wp-block-media-text is-stacked-on-mobile\" style=\"grid-template-columns:48% auto\"><figure class=\"wp-block-media-text__media\"><img loading=\"lazy\" decoding=\"async\" width=\"768\" height=\"1024\" src=\"http:\/\/santaceciliadelgrao.com\/wp-content\/uploads\/2025\/10\/FESTIVAL-BANDES-DEL-MARITIM-2025-768x1024.jpeg\" alt=\"\" class=\"wp-image-4049 size-full\" srcset=\"http:\/\/santaceciliadelgrao.com\/wp-content\/uploads\/2025\/10\/FESTIVAL-BANDES-DEL-MARITIM-2025-768x1024.jpeg 768w, http:\/\/santaceciliadelgrao.com\/wp-content\/uploads\/2025\/10\/FESTIVAL-BANDES-DEL-MARITIM-2025-225x300.jpeg 225w, http:\/\/santaceciliadelgrao.com\/wp-content\/uploads\/2025\/10\/FESTIVAL-BANDES-DEL-MARITIM-2025-1024x1365.jpeg 1024w, http:\/\/santaceciliadelgrao.com\/wp-content\/uploads\/2025\/10\/FESTIVAL-BANDES-DEL-MARITIM-2025-810x1080.jpeg 810w, http:\/\/santaceciliadelgrao.com\/wp-content\/uploads\/2025\/10\/FESTIVAL-BANDES-DEL-MARITIM-2025.jpeg 1131w\" sizes=\"auto, (max-width: 768px) 100vw, 768px\" \/><\/figure><div class=\"wp-block-media-text__content\">\n<p>La m\u00fasica es mucho m\u00e1s que sonido: es emoci\u00f3n, cultura y comunidad, y las bandas de m\u00fasica son el coraz\u00f3n de nuestros pueblos y barrios, guardianas de una tradici\u00f3n que nos une generaci\u00f3n tras generaci\u00f3n.<\/p>\n\n\n\n<p>El pr\u00f3ximo<strong> 26 de octubre, a las 10 h, <\/strong>con el apoyo del Ayuntamiento de Val\u00e8ncia, celebraremos esa pasi\u00f3n en el <strong>XXXI Festival de Bandas del Mar\u00edtimo<\/strong>. La cita es en el <strong>Teatre El Musical (TEM)<\/strong>, donde rendiremos un <strong>homenaje p\u00f3stumo al compositor Salvador Chuli\u00e1<\/strong>, referente indiscutible por su compromiso con las bandas de m\u00fasica y su inmensa aportaci\u00f3n a la m\u00fasica valenciana.<\/p>\n\n\n\n<p>Nos enorgullece contar con la participaci\u00f3n de las bandas del Mar\u00edtim, con las que compartimos el esp\u00edritu y la dedicaci\u00f3n que definen las sociedades musicales valencianas.<\/p>\n\n\n\n<p>Hay que destacar que nuestra banda vive un momento muy especial: damos la bienvenida a nuestro nuevo director, <strong>Ildefonso Martos Carretero<\/strong>, cuya la energ\u00eda y talento abren una nueva etapa llena de ilusi\u00f3n.<\/p>\n<\/div><\/div>\n","protected":false},"excerpt":{"rendered":"<p>La m\u00fasica es mucho m\u00e1s que sonido: es emoci\u00f3n, cultura y comunidad, y las bandas de m\u00fasica son el coraz\u00f3n de nuestros pueblos y barrios, guardianas de una tradici\u00f3n que nos une generaci\u00f3n tras generaci\u00f3n. El pr\u00f3ximo 26 de octubre, a las 10 h, con el apoyo del Ayuntamiento de Val\u00e8ncia, celebraremos esa pasi\u00f3n en&hellip; <br \/> <a class=\"button small blue\" href=\"http:\/\/santaceciliadelgrao.com\/?p=4058\">Read more<\/a><\/p>\n","protected":false},"author":1,"featured_media":4057,"comment_status":"open","ping_status":"open","sticky":false,"template":"","format":"standard","meta":{"footnotes":""},"categories":[174],"tags":[368,314,365,353],"class_list":["post-4058","post","type-post","status-publish","format-standard","has-post-thumbnail","hentry","category-noticias","tag-banda-sinfonica-es","tag-concierto-es","tag-director","tag-festival-es"],"_links":{"self":[{"href":"http:\/\/santaceciliadelgrao.com\/index.php?rest_route=\/wp\/v2\/posts\/4058","targetHints":{"allow":["GET"]}}],"collection":[{"href":"http:\/\/santaceciliadelgrao.com\/index.php?rest_route=\/wp\/v2\/posts"}],"about":[{"href":"http:\/\/santaceciliadelgrao.com\/index.php?rest_route=\/wp\/v2\/types\/post"}],"author":[{"embeddable":true,"href":"http:\/\/santaceciliadelgrao.com\/index.php?rest_route=\/wp\/v2\/users\/1"}],"replies":[{"embeddable":true,"href":"http:\/\/santaceciliadelgrao.com\/index.php?rest_route=%2Fwp%2Fv2%2Fcomments&post=4058"}],"version-history":[{"count":2,"href":"http:\/\/santaceciliadelgrao.com\/index.php?rest_route=\/wp\/v2\/posts\/4058\/revisions"}],"predecessor-version":[{"id":4092,"href":"http:\/\/santaceciliadelgrao.com\/index.php?rest_route=\/wp\/v2\/posts\/4058\/revisions\/4092"}],"wp:featuredmedia":[{"embeddable":true,"href":"http:\/\/santaceciliadelgrao.com\/index.php?rest_route=\/wp\/v2\/media\/4057"}],"wp:attachment":[{"href":"http:\/\/santaceciliadelgrao.com\/index.php?rest_route=%2Fwp%2Fv2%2Fmedia&parent=4058"}],"wp:term":[{"taxonomy":"category","embeddable":true,"href":"http:\/\/santaceciliadelgrao.com\/index.php?rest_route=%2Fwp%2Fv2%2Fcategories&post=4058"},{"taxonomy":"post_tag","embeddable":true,"href":"http:\/\/santaceciliadelgrao.com\/index.php?rest_route=%2Fwp%2Fv2%2Ftags&post=4058"}],"curies":[{"name":"wp","href":"https:\/\/api.w.org\/{rel}","templated":true}]}}