{"id":4048,"date":"2025-10-21T06:01:16","date_gmt":"2025-10-21T06:01:16","guid":{"rendered":"http:\/\/santaceciliadelgrao.com\/?p=4048"},"modified":"2025-10-23T19:46:52","modified_gmt":"2025-10-23T19:46:52","slug":"xxxi-festival-de-bandes-del-maritim","status":"publish","type":"post","link":"http:\/\/santaceciliadelgrao.com\/?p=4048","title":{"rendered":"XXXI Festival de Bandes del Mar\u00edtim"},"content":{"rendered":"<\/p>\n\n\n<div class=\"wp-block-media-text is-stacked-on-mobile\" style=\"grid-template-columns:48% auto\"><figure class=\"wp-block-media-text__media\"><img loading=\"lazy\" decoding=\"async\" width=\"768\" height=\"1024\" src=\"http:\/\/santaceciliadelgrao.com\/wp-content\/uploads\/2025\/10\/FESTIVAL-BANDES-DEL-MARITIM-2025-768x1024.jpeg\" alt=\"\" class=\"wp-image-4049 size-full\" srcset=\"http:\/\/santaceciliadelgrao.com\/wp-content\/uploads\/2025\/10\/FESTIVAL-BANDES-DEL-MARITIM-2025-768x1024.jpeg 768w, http:\/\/santaceciliadelgrao.com\/wp-content\/uploads\/2025\/10\/FESTIVAL-BANDES-DEL-MARITIM-2025-225x300.jpeg 225w, http:\/\/santaceciliadelgrao.com\/wp-content\/uploads\/2025\/10\/FESTIVAL-BANDES-DEL-MARITIM-2025-1024x1365.jpeg 1024w, http:\/\/santaceciliadelgrao.com\/wp-content\/uploads\/2025\/10\/FESTIVAL-BANDES-DEL-MARITIM-2025-810x1080.jpeg 810w, http:\/\/santaceciliadelgrao.com\/wp-content\/uploads\/2025\/10\/FESTIVAL-BANDES-DEL-MARITIM-2025.jpeg 1131w\" sizes=\"auto, (max-width: 768px) 100vw, 768px\" \/><\/figure><div class=\"wp-block-media-text__content\">\n<p>La m\u00fasica \u00e9s molt m\u00e9s que so: \u00e9s emoci\u00f3, cultura i comunitat, i les bandes de m\u00fasica s\u00f3n el cor dels nostres pobles i barris, guardianes d\u2019una tradici\u00f3 que ens unix generaci\u00f3 rere generaci\u00f3. <\/p>\n\n\n\n<p>El pr\u00f2xim<strong> 26 d<\/strong>&#8216;<strong>octubre<\/strong><strong>, a les 10 h<\/strong>, amb el suport de l\u2019Ajuntament de Val\u00e8ncia, celebrarem eixa passi\u00f3 en el <strong>XXXI Festival de Bandes del Mar\u00edtim<\/strong>. La cita \u00e9s en el <strong>Teatre El Musical (TEM)<\/strong>, on retrem un<strong> homenatge p\u00f2stum al compositor Salvador Chuli\u00e1<\/strong>, referent indiscutible pel seu comprom\u00eds amb les bandes de m\u00fasica i la seua immensa aportaci\u00f3 a la m\u00fasica valenciana.<\/p>\n\n\n\n<p>Ens enorgullix comptar amb la participaci\u00f3 de les bandes del Mar\u00edtim, amb les quals compartim l\u2019esperit i la dedicaci\u00f3 que definixen les societats musicals valencianes.<\/p>\n\n\n\n<p>Cal destacar que la nostra banda viu un moment molt especial: donem la benvinguda al nostre nou director, <strong>Ildefonso Martos Carretero<\/strong>, l\u2019energia i el talent del qual obrin una nova etapa plena d\u2019il\u00b7lusi\u00f3.<\/p>\n<\/div><\/div>\n","protected":false},"excerpt":{"rendered":"<p>La m\u00fasica \u00e9s molt m\u00e9s que so: \u00e9s emoci\u00f3, cultura i comunitat, i les bandes de m\u00fasica s\u00f3n el cor dels nostres pobles i barris, guardianes d\u2019una tradici\u00f3 que ens unix generaci\u00f3 rere generaci\u00f3. El pr\u00f2xim 26 d&#8216;octubre, a les 10 h, amb el suport de l\u2019Ajuntament de Val\u00e8ncia, celebrarem eixa passi\u00f3 en el XXXI&hellip; <br \/> <a class=\"button small blue\" href=\"http:\/\/santaceciliadelgrao.com\/?p=4048\">Read more<\/a><\/p>\n","protected":false},"author":1,"featured_media":4057,"comment_status":"open","ping_status":"open","sticky":false,"template":"","format":"standard","meta":{"footnotes":""},"categories":[85],"tags":[96,89,91,105],"class_list":["post-4048","post","type-post","status-publish","format-standard","has-post-thumbnail","hentry","category-noticies","tag-banda-simfonica","tag-concert","tag-director-a","tag-festival"],"_links":{"self":[{"href":"http:\/\/santaceciliadelgrao.com\/index.php?rest_route=\/wp\/v2\/posts\/4048","targetHints":{"allow":["GET"]}}],"collection":[{"href":"http:\/\/santaceciliadelgrao.com\/index.php?rest_route=\/wp\/v2\/posts"}],"about":[{"href":"http:\/\/santaceciliadelgrao.com\/index.php?rest_route=\/wp\/v2\/types\/post"}],"author":[{"embeddable":true,"href":"http:\/\/santaceciliadelgrao.com\/index.php?rest_route=\/wp\/v2\/users\/1"}],"replies":[{"embeddable":true,"href":"http:\/\/santaceciliadelgrao.com\/index.php?rest_route=%2Fwp%2Fv2%2Fcomments&post=4048"}],"version-history":[{"count":9,"href":"http:\/\/santaceciliadelgrao.com\/index.php?rest_route=\/wp\/v2\/posts\/4048\/revisions"}],"predecessor-version":[{"id":4093,"href":"http:\/\/santaceciliadelgrao.com\/index.php?rest_route=\/wp\/v2\/posts\/4048\/revisions\/4093"}],"wp:featuredmedia":[{"embeddable":true,"href":"http:\/\/santaceciliadelgrao.com\/index.php?rest_route=\/wp\/v2\/media\/4057"}],"wp:attachment":[{"href":"http:\/\/santaceciliadelgrao.com\/index.php?rest_route=%2Fwp%2Fv2%2Fmedia&parent=4048"}],"wp:term":[{"taxonomy":"category","embeddable":true,"href":"http:\/\/santaceciliadelgrao.com\/index.php?rest_route=%2Fwp%2Fv2%2Fcategories&post=4048"},{"taxonomy":"post_tag","embeddable":true,"href":"http:\/\/santaceciliadelgrao.com\/index.php?rest_route=%2Fwp%2Fv2%2Ftags&post=4048"}],"curies":[{"name":"wp","href":"https:\/\/api.w.org\/{rel}","templated":true}]}}