{"id":4035,"date":"2025-09-02T06:06:46","date_gmt":"2025-09-02T06:06:46","guid":{"rendered":"http:\/\/santaceciliadelgrao.com\/?p=4035"},"modified":"2025-09-02T06:06:46","modified_gmt":"2025-09-02T06:06:46","slug":"la-banda-scg-retoma-la-actividad-con-nuevo-director","status":"publish","type":"post","link":"http:\/\/santaceciliadelgrao.com\/?p=4035","title":{"rendered":"La banda SCG retoma la actividad con nuevo director"},"content":{"rendered":"<p>SCG inicia una nueva etapa con el nombramiento de Ildefonso Martos Carretero como nuevo director titular de la banda y consolida as\u00ed su compromiso con la calidad art\u00edstica, la formaci\u00f3n y el v\u00ednculo con su entorno social.<\/p>\n<p>Martos es titulado superior en Tuba y ha desarrollado una carrera como int\u00e9rprete en varias orquestas sinf\u00f3nicas, como la de las Islas Baleares y la de La Palma (Gran Canaria), y ha participado en proyectos de m\u00fasica de c\u00e1mara, jazz y flamenco.<\/p>\n<p>Como director, se ha formado con nombres de referencia como Jos\u00e9 Rafael Vilaplana, Ram\u00f3n Ram\u00edrez i Llorens Mendoza, y ha estado al frente de bandas como la Agrupaci\u00f3n Musical de Alfara del Patriarca, el CIM de Benimaclet, la Uni\u00f3n Musical Santa Mar\u00eda del Puig y la Agrupaci\u00f3n Musical de Massarrojos, obteniendo varios primeros premios en cert\u00e1menes de la Diputaci\u00f3n de Val\u00e8ncia y de Benissan\u00f3.<\/p>\n<p>Su trayectoria destaca tambi\u00e9n por la implicaci\u00f3n con la formaci\u00f3n musical, tanto como profesor de secundaria y como docente y director en varias escuelas de m\u00fasica de la Comunitat Valenciana. Actualmente, compagina la direcci\u00f3n de nuestra banda con otros proyectos art\u00edsticos como el coro MiForte, la banda Uni\u00f3n Musical Padre Bast\u00e9 y el proyecto N\u00e0quera Sona, del cual es director musical desde 2023.<\/p>\n\n\n<div class=\"wp-block-media-text is-stacked-on-mobile\"><figure class=\"wp-block-media-text__media\"><img loading=\"lazy\" decoding=\"async\" width=\"945\" height=\"848\" src=\"http:\/\/santaceciliadelgrao.com\/wp-content\/uploads\/2025\/09\/Captura.jpg\" alt=\"\" class=\"wp-image-4032 size-full\" srcset=\"http:\/\/santaceciliadelgrao.com\/wp-content\/uploads\/2025\/09\/Captura.jpg 945w, http:\/\/santaceciliadelgrao.com\/wp-content\/uploads\/2025\/09\/Captura-300x269.jpg 300w, http:\/\/santaceciliadelgrao.com\/wp-content\/uploads\/2025\/09\/Captura-768x689.jpg 768w\" sizes=\"auto, (max-width: 945px) 100vw, 945px\" \/><\/figure><div class=\"wp-block-media-text__content\">\n<p><\/p>\n\n\n\n<p><\/p>\n\n\n\n<p>Es tambi\u00e9n coordinador de proyectos Erasmus+ y director del Seminario de J\u00f3venes Int\u00e9rpretes de Sinarcas, una muestra de su compromiso con la educaci\u00f3n y la movilidad cultural internacional.<\/p>\n\n\n\n<p>Con la llegada de Ildefonso Martos, la Agrupaci\u00f3n Musical Santa Cec\u00edlia del Grao apuesta por un proyecto de continuidad y renovaci\u00f3n, con el objetivo de seguir creciendo art\u00edsticamente, reforzar los lazos con el barrio y contribuir a la promoci\u00f3n de la cultura musical valenciana.<\/p>\n\n\n\n<p>Desde la Agrupaci\u00f3n, le damos la bienvenida m\u00e1s c\u00e1lida y le deseamos muchos \u00e9xitos en esta nueva etapa al frente de nuestra banda.<\/p>\n<\/div><\/div>\n","protected":false},"excerpt":{"rendered":"<p>SCG inicia una nueva etapa con el nombramiento de Ildefonso Martos Carretero como nuevo director titular de la banda y consolida as\u00ed su compromiso con la calidad art\u00edstica, la formaci\u00f3n y el v\u00ednculo con su entorno social. Martos es titulado superior en Tuba y ha desarrollado una carrera como int\u00e9rprete en varias orquestas sinf\u00f3nicas, como&hellip; <br \/> <a class=\"button small blue\" href=\"http:\/\/santaceciliadelgrao.com\/?p=4035\">Read more<\/a><\/p>\n","protected":false},"author":1,"featured_media":0,"comment_status":"open","ping_status":"open","sticky":false,"template":"","format":"standard","meta":{"footnotes":""},"categories":[174],"tags":[],"class_list":["post-4035","post","type-post","status-publish","format-standard","hentry","category-noticias"],"_links":{"self":[{"href":"http:\/\/santaceciliadelgrao.com\/index.php?rest_route=\/wp\/v2\/posts\/4035","targetHints":{"allow":["GET"]}}],"collection":[{"href":"http:\/\/santaceciliadelgrao.com\/index.php?rest_route=\/wp\/v2\/posts"}],"about":[{"href":"http:\/\/santaceciliadelgrao.com\/index.php?rest_route=\/wp\/v2\/types\/post"}],"author":[{"embeddable":true,"href":"http:\/\/santaceciliadelgrao.com\/index.php?rest_route=\/wp\/v2\/users\/1"}],"replies":[{"embeddable":true,"href":"http:\/\/santaceciliadelgrao.com\/index.php?rest_route=%2Fwp%2Fv2%2Fcomments&post=4035"}],"version-history":[{"count":1,"href":"http:\/\/santaceciliadelgrao.com\/index.php?rest_route=\/wp\/v2\/posts\/4035\/revisions"}],"predecessor-version":[{"id":4036,"href":"http:\/\/santaceciliadelgrao.com\/index.php?rest_route=\/wp\/v2\/posts\/4035\/revisions\/4036"}],"wp:attachment":[{"href":"http:\/\/santaceciliadelgrao.com\/index.php?rest_route=%2Fwp%2Fv2%2Fmedia&parent=4035"}],"wp:term":[{"taxonomy":"category","embeddable":true,"href":"http:\/\/santaceciliadelgrao.com\/index.php?rest_route=%2Fwp%2Fv2%2Fcategories&post=4035"},{"taxonomy":"post_tag","embeddable":true,"href":"http:\/\/santaceciliadelgrao.com\/index.php?rest_route=%2Fwp%2Fv2%2Ftags&post=4035"}],"curies":[{"name":"wp","href":"https:\/\/api.w.org\/{rel}","templated":true}]}}