{"id":4031,"date":"2025-09-02T06:01:49","date_gmt":"2025-09-02T06:01:49","guid":{"rendered":"http:\/\/santaceciliadelgrao.com\/?p=4031"},"modified":"2025-09-02T06:02:13","modified_gmt":"2025-09-02T06:02:13","slug":"la-banda-scg-repren-lactivitat-amb-nou-director","status":"publish","type":"post","link":"http:\/\/santaceciliadelgrao.com\/?p=4031","title":{"rendered":"La banda SCG repr\u00e9n l&#8217;activitat amb nou director"},"content":{"rendered":"<p>SCG inicia una nova etapa amb el nomenament d\u2019Ildefonso Martos Carretero com a nou director titular de la banda i consolida aix\u00ed el seu comprom\u00eds amb la qualitat art\u00edstica, la formaci\u00f3 i el vincle amb el seu entorn social.<\/p>\n<p>Martos \u00e9s titulat superior en Tuba i ha desenvolupat una carrera com a int\u00e8rpret en diverses orquestres simf\u00f2niques, com la de les Illes Balears i la de la Palma (Gran Can\u00e0ria), i ha participat en projectes de m\u00fasica de cambra, jazz i flamenc.<\/p>\n<p>Com a director, s\u2019ha format amb noms de refer\u00e8ncia com Jos\u00e9 Rafael Vilaplana, Ram\u00f3n Ram\u00edrez i Llorens Mendoza, i ha estat al capdavant de bandes com l\u2019Agrupaci\u00f3 Musical d\u2019Alfara del Patriarca, el CIM de Benimaclet, la Uni\u00f3 Musical Santa Maria del Puig i l\u2019Agrupaci\u00f3 Musical de Massarrojos, obtenint diversos primers premis en cert\u00e0mens de la Diputaci\u00f3 de Val\u00e8ncia i de Benissan\u00f3.<\/p>\n<p>La seua traject\u00f2ria destaca tamb\u00e9 per la implicaci\u00f3 amb la formaci\u00f3 musical, tant com a professor de secund\u00e0ria i com a docent i director en diverses escoles de m\u00fasica de la Comunitat Valenciana. Actualment, compagina la direcci\u00f3 de la nostra banda amb altres projectes art\u00edstics com el cor MiForte, la banda Uni\u00f3n Musical Padre Bast\u00e9 i el projecte N\u00e1quera Sona, del qual \u00e9s director musical des de 2023.<\/p>\n\n\n<div class=\"wp-block-media-text is-stacked-on-mobile\"><figure class=\"wp-block-media-text__media\"><img loading=\"lazy\" decoding=\"async\" width=\"945\" height=\"848\" src=\"http:\/\/santaceciliadelgrao.com\/wp-content\/uploads\/2025\/09\/Captura.jpg\" alt=\"\" class=\"wp-image-4032 size-full\" srcset=\"http:\/\/santaceciliadelgrao.com\/wp-content\/uploads\/2025\/09\/Captura.jpg 945w, http:\/\/santaceciliadelgrao.com\/wp-content\/uploads\/2025\/09\/Captura-300x269.jpg 300w, http:\/\/santaceciliadelgrao.com\/wp-content\/uploads\/2025\/09\/Captura-768x689.jpg 768w\" sizes=\"auto, (max-width: 945px) 100vw, 945px\" \/><\/figure><div class=\"wp-block-media-text__content\">\n<p><\/p>\n\n\n\n<p><\/p>\n\n\n\n<p>\u00c9s tamb\u00e9 coordinador de projectes Erasmus+ i director del Seminari de Joves Int\u00e8rprets de Sinarcas, una mostra del seu comprom\u00eds amb l\u2019educaci\u00f3 i la mobilitat cultural internacional.<\/p>\n\n\n\n<p>Amb l\u2019arribada d\u2019Ildefonso Martos, l\u2019Agrupaci\u00f3 Musical Santa Cec\u00edlia del Grau aposta per un projecte de continu\u00eftat i renovaci\u00f3, amb l\u2019objectiu de seguir creixent art\u00edsticament, refor\u00e7ar els lla\u00e7os amb el barri i contribuir a la promoci\u00f3 de la cultura musical valenciana.<\/p>\n\n\n\n<p>Des de l\u2019Agrupaci\u00f3, li donem la benvinguda m\u00e9s c\u00e0lida i li desitgem molts \u00e8xits en esta nova etapa al capdavant de la nostra banda.<\/p>\n<\/div><\/div>\n","protected":false},"excerpt":{"rendered":"<p>SCG inicia una nova etapa amb el nomenament d\u2019Ildefonso Martos Carretero com a nou director titular de la banda i consolida aix\u00ed el seu comprom\u00eds amb la qualitat art\u00edstica, la formaci\u00f3 i el vincle amb el seu entorn social. Martos \u00e9s titulat superior en Tuba i ha desenvolupat una carrera com a int\u00e8rpret en diverses&hellip; <br \/> <a class=\"button small blue\" href=\"http:\/\/santaceciliadelgrao.com\/?p=4031\">Read more<\/a><\/p>\n","protected":false},"author":1,"featured_media":0,"comment_status":"open","ping_status":"open","sticky":false,"template":"","format":"standard","meta":{"footnotes":""},"categories":[85],"tags":[96,91],"class_list":["post-4031","post","type-post","status-publish","format-standard","hentry","category-noticies","tag-banda-simfonica","tag-director-a"],"_links":{"self":[{"href":"http:\/\/santaceciliadelgrao.com\/index.php?rest_route=\/wp\/v2\/posts\/4031","targetHints":{"allow":["GET"]}}],"collection":[{"href":"http:\/\/santaceciliadelgrao.com\/index.php?rest_route=\/wp\/v2\/posts"}],"about":[{"href":"http:\/\/santaceciliadelgrao.com\/index.php?rest_route=\/wp\/v2\/types\/post"}],"author":[{"embeddable":true,"href":"http:\/\/santaceciliadelgrao.com\/index.php?rest_route=\/wp\/v2\/users\/1"}],"replies":[{"embeddable":true,"href":"http:\/\/santaceciliadelgrao.com\/index.php?rest_route=%2Fwp%2Fv2%2Fcomments&post=4031"}],"version-history":[{"count":2,"href":"http:\/\/santaceciliadelgrao.com\/index.php?rest_route=\/wp\/v2\/posts\/4031\/revisions"}],"predecessor-version":[{"id":4034,"href":"http:\/\/santaceciliadelgrao.com\/index.php?rest_route=\/wp\/v2\/posts\/4031\/revisions\/4034"}],"wp:attachment":[{"href":"http:\/\/santaceciliadelgrao.com\/index.php?rest_route=%2Fwp%2Fv2%2Fmedia&parent=4031"}],"wp:term":[{"taxonomy":"category","embeddable":true,"href":"http:\/\/santaceciliadelgrao.com\/index.php?rest_route=%2Fwp%2Fv2%2Fcategories&post=4031"},{"taxonomy":"post_tag","embeddable":true,"href":"http:\/\/santaceciliadelgrao.com\/index.php?rest_route=%2Fwp%2Fv2%2Ftags&post=4031"}],"curies":[{"name":"wp","href":"https:\/\/api.w.org\/{rel}","templated":true}]}}