{"id":3860,"date":"2025-04-01T11:38:15","date_gmt":"2025-04-01T11:38:15","guid":{"rendered":"http:\/\/santaceciliadelgrao.com\/?p=3860"},"modified":"2025-04-01T11:38:49","modified_gmt":"2025-04-01T11:38:49","slug":"excellent-2025","status":"publish","type":"post","link":"http:\/\/santaceciliadelgrao.com\/?p=3860","title":{"rendered":"Excel\u00b7lent 2025"},"content":{"rendered":"<p>\u00a0<\/p>\n<p>\u00a0<\/p>\n\n\n<div class=\"wp-block-media-text is-stacked-on-mobile\" style=\"grid-template-columns:37% auto\"><figure class=\"wp-block-media-text__media\"><img loading=\"lazy\" decoding=\"async\" width=\"694\" height=\"1024\" src=\"http:\/\/santaceciliadelgrao.com\/wp-content\/uploads\/2025\/04\/WhatsApp-Image-2025-03-31-at-20.26.27-694x1024.jpeg\" alt=\"\" class=\"wp-image-3861 size-full\" srcset=\"http:\/\/santaceciliadelgrao.com\/wp-content\/uploads\/2025\/04\/WhatsApp-Image-2025-03-31-at-20.26.27-694x1024.jpeg 694w, http:\/\/santaceciliadelgrao.com\/wp-content\/uploads\/2025\/04\/WhatsApp-Image-2025-03-31-at-20.26.27-203x300.jpeg 203w, http:\/\/santaceciliadelgrao.com\/wp-content\/uploads\/2025\/04\/WhatsApp-Image-2025-03-31-at-20.26.27-768x1133.jpeg 768w, http:\/\/santaceciliadelgrao.com\/wp-content\/uploads\/2025\/04\/WhatsApp-Image-2025-03-31-at-20.26.27-1042x1536.jpeg 1042w, http:\/\/santaceciliadelgrao.com\/wp-content\/uploads\/2025\/04\/WhatsApp-Image-2025-03-31-at-20.26.27-1024x1510.jpeg 1024w, http:\/\/santaceciliadelgrao.com\/wp-content\/uploads\/2025\/04\/WhatsApp-Image-2025-03-31-at-20.26.27-732x1080.jpeg 732w, http:\/\/santaceciliadelgrao.com\/wp-content\/uploads\/2025\/04\/WhatsApp-Image-2025-03-31-at-20.26.27.jpeg 1051w\" sizes=\"auto, (max-width: 694px) 100vw, 694px\" \/><\/figure><div class=\"wp-block-media-text__content\">\n<p>Este dijous 3 d&#8217;abril esteu convocats a compartir amb nosaltres el concert de la campanya Excel\u00b7lent que cada any oferix la nostra agrupaci\u00f3.<\/p>\n\n\n\n<p>Enguany ser\u00e0 a c\u00e0rrec de la nostra banda escolar, que de la m\u00e0 de la seua directora, Elena Sim\u00f3n Agudo, proposar\u00e0 un recorregut tem\u00e0tic per l&#8217;obra del compositor Xavier Zamorano.<\/p>\n\n\n\n<p><\/p>\n\n\n\n<p><\/p>\n<\/div><\/div>\n\n\n\n<div class=\"wp-block-media-text has-media-on-the-right is-stacked-on-mobile\" style=\"grid-template-columns:auto 35%\"><div class=\"wp-block-media-text__content\">\n<p>Tamb\u00e9 podrem gaudir de l&#8217;actuaci\u00f3 del nostre conjunt d&#8217;iniciaci\u00f3.<\/p>\n\n\n\n<p>Vos esperem al sal\u00f3 d&#8217;actes del centre Espai Jove VLC. <\/p>\n\n\n\n<p>No vos ho podeu perdre!<\/p>\n<\/div><figure class=\"wp-block-media-text__media\"><img loading=\"lazy\" decoding=\"async\" width=\"724\" height=\"1024\" src=\"http:\/\/santaceciliadelgrao.com\/wp-content\/uploads\/2025\/04\/WhatsApp-Image-2025-03-28-at-17.41.13-1-724x1024.jpeg\" alt=\"\" class=\"wp-image-3865 size-full\" srcset=\"http:\/\/santaceciliadelgrao.com\/wp-content\/uploads\/2025\/04\/WhatsApp-Image-2025-03-28-at-17.41.13-1-724x1024.jpeg 724w, http:\/\/santaceciliadelgrao.com\/wp-content\/uploads\/2025\/04\/WhatsApp-Image-2025-03-28-at-17.41.13-1-212x300.jpeg 212w, http:\/\/santaceciliadelgrao.com\/wp-content\/uploads\/2025\/04\/WhatsApp-Image-2025-03-28-at-17.41.13-1-768x1086.jpeg 768w, http:\/\/santaceciliadelgrao.com\/wp-content\/uploads\/2025\/04\/WhatsApp-Image-2025-03-28-at-17.41.13-1-1086x1536.jpeg 1086w, http:\/\/santaceciliadelgrao.com\/wp-content\/uploads\/2025\/04\/WhatsApp-Image-2025-03-28-at-17.41.13-1-1024x1449.jpeg 1024w, http:\/\/santaceciliadelgrao.com\/wp-content\/uploads\/2025\/04\/WhatsApp-Image-2025-03-28-at-17.41.13-1-763x1080.jpeg 763w, http:\/\/santaceciliadelgrao.com\/wp-content\/uploads\/2025\/04\/WhatsApp-Image-2025-03-28-at-17.41.13-1.jpeg 1131w\" sizes=\"auto, (max-width: 724px) 100vw, 724px\" \/><\/figure><\/div>\n","protected":false},"excerpt":{"rendered":"<p>\u00a0 \u00a0 Este dijous 3 d&#8217;abril esteu convocats a compartir amb nosaltres el concert de la campanya Excel\u00b7lent que cada any oferix la nostra agrupaci\u00f3. Enguany ser\u00e0 a c\u00e0rrec de la nostra banda escolar, que de la m\u00e0 de la seua directora, Elena Sim\u00f3n Agudo, proposar\u00e0 un recorregut tem\u00e0tic per l&#8217;obra del compositor Xavier Zamorano.&hellip; <br \/> <a class=\"button small blue\" href=\"http:\/\/santaceciliadelgrao.com\/?p=3860\">Read more<\/a><\/p>\n","protected":false},"author":1,"featured_media":3869,"comment_status":"open","ping_status":"open","sticky":false,"template":"","format":"standard","meta":{"footnotes":""},"categories":[85],"tags":[92,89,91,105],"class_list":["post-3860","post","type-post","status-publish","format-standard","has-post-thumbnail","hentry","category-noticies","tag-banda-juvenil","tag-concert","tag-director-a","tag-festival"],"_links":{"self":[{"href":"http:\/\/santaceciliadelgrao.com\/index.php?rest_route=\/wp\/v2\/posts\/3860","targetHints":{"allow":["GET"]}}],"collection":[{"href":"http:\/\/santaceciliadelgrao.com\/index.php?rest_route=\/wp\/v2\/posts"}],"about":[{"href":"http:\/\/santaceciliadelgrao.com\/index.php?rest_route=\/wp\/v2\/types\/post"}],"author":[{"embeddable":true,"href":"http:\/\/santaceciliadelgrao.com\/index.php?rest_route=\/wp\/v2\/users\/1"}],"replies":[{"embeddable":true,"href":"http:\/\/santaceciliadelgrao.com\/index.php?rest_route=%2Fwp%2Fv2%2Fcomments&post=3860"}],"version-history":[{"count":5,"href":"http:\/\/santaceciliadelgrao.com\/index.php?rest_route=\/wp\/v2\/posts\/3860\/revisions"}],"predecessor-version":[{"id":3868,"href":"http:\/\/santaceciliadelgrao.com\/index.php?rest_route=\/wp\/v2\/posts\/3860\/revisions\/3868"}],"wp:featuredmedia":[{"embeddable":true,"href":"http:\/\/santaceciliadelgrao.com\/index.php?rest_route=\/wp\/v2\/media\/3869"}],"wp:attachment":[{"href":"http:\/\/santaceciliadelgrao.com\/index.php?rest_route=%2Fwp%2Fv2%2Fmedia&parent=3860"}],"wp:term":[{"taxonomy":"category","embeddable":true,"href":"http:\/\/santaceciliadelgrao.com\/index.php?rest_route=%2Fwp%2Fv2%2Fcategories&post=3860"},{"taxonomy":"post_tag","embeddable":true,"href":"http:\/\/santaceciliadelgrao.com\/index.php?rest_route=%2Fwp%2Fv2%2Ftags&post=3860"}],"curies":[{"name":"wp","href":"https:\/\/api.w.org\/{rel}","templated":true}]}}