{"id":384,"date":"2018-06-29T11:07:04","date_gmt":"2018-06-29T11:07:04","guid":{"rendered":"http:\/\/santaceciliadelgrao.com\/?p=384"},"modified":"2018-06-29T11:07:04","modified_gmt":"2018-06-29T11:07:04","slug":"retrobem-la-nostra-musica","status":"publish","type":"post","link":"http:\/\/santaceciliadelgrao.com\/?p=384","title":{"rendered":"Retrobem la Nostra M\u00fasica"},"content":{"rendered":"<p><span style=\"color: #000000;\">El pr\u00f3ximo domingo 1 de julio a las 12h celebraremos la 39 Edici\u00f3n del &#8216;Retrobem la Nostra M\u00fasica&#8217; que tendr\u00e1 lugar en el patio de nuestro local situado en la calle M\u00e9ndez Nu\u00f1ez (entrada por la calle Ibiza).<\/span><\/p>\n<p>&nbsp;<\/p>\n<p><img loading=\"lazy\" decoding=\"async\" class=\" wp-image-385 aligncenter\" src=\"http:\/\/santaceciliadelgrao.com\/wp-content\/uploads\/2018\/06\/36300011_482360222199637_692514148780605440_o.jpg\" alt=\"\" width=\"485\" height=\"679\" srcset=\"http:\/\/santaceciliadelgrao.com\/wp-content\/uploads\/2018\/06\/36300011_482360222199637_692514148780605440_o.jpg 1418w, http:\/\/santaceciliadelgrao.com\/wp-content\/uploads\/2018\/06\/36300011_482360222199637_692514148780605440_o-214x300.jpg 214w, http:\/\/santaceciliadelgrao.com\/wp-content\/uploads\/2018\/06\/36300011_482360222199637_692514148780605440_o-768x1075.jpg 768w, http:\/\/santaceciliadelgrao.com\/wp-content\/uploads\/2018\/06\/36300011_482360222199637_692514148780605440_o-732x1024.jpg 732w, http:\/\/santaceciliadelgrao.com\/wp-content\/uploads\/2018\/06\/36300011_482360222199637_692514148780605440_o-1024x1433.jpg 1024w, http:\/\/santaceciliadelgrao.com\/wp-content\/uploads\/2018\/06\/36300011_482360222199637_692514148780605440_o-772x1080.jpg 772w\" sizes=\"auto, (max-width: 485px) 100vw, 485px\" \/><\/p>\n","protected":false},"excerpt":{"rendered":"<p>El pr\u00f3ximo domingo 1 de julio a las 12h celebraremos la 39 Edici\u00f3n del &#8216;Retrobem la Nostra M\u00fasica&#8217; que tendr\u00e1 lugar en el patio de nuestro local situado en la calle M\u00e9ndez Nu\u00f1ez (entrada por la calle Ibiza). &nbsp;<\/p>\n","protected":false},"author":1,"featured_media":0,"comment_status":"open","ping_status":"open","sticky":false,"template":"","format":"standard","meta":{"footnotes":""},"categories":[1],"tags":[],"class_list":["post-384","post","type-post","status-publish","format-standard","hentry","category-sense-categoria"],"_links":{"self":[{"href":"http:\/\/santaceciliadelgrao.com\/index.php?rest_route=\/wp\/v2\/posts\/384","targetHints":{"allow":["GET"]}}],"collection":[{"href":"http:\/\/santaceciliadelgrao.com\/index.php?rest_route=\/wp\/v2\/posts"}],"about":[{"href":"http:\/\/santaceciliadelgrao.com\/index.php?rest_route=\/wp\/v2\/types\/post"}],"author":[{"embeddable":true,"href":"http:\/\/santaceciliadelgrao.com\/index.php?rest_route=\/wp\/v2\/users\/1"}],"replies":[{"embeddable":true,"href":"http:\/\/santaceciliadelgrao.com\/index.php?rest_route=%2Fwp%2Fv2%2Fcomments&post=384"}],"version-history":[{"count":1,"href":"http:\/\/santaceciliadelgrao.com\/index.php?rest_route=\/wp\/v2\/posts\/384\/revisions"}],"predecessor-version":[{"id":386,"href":"http:\/\/santaceciliadelgrao.com\/index.php?rest_route=\/wp\/v2\/posts\/384\/revisions\/386"}],"wp:attachment":[{"href":"http:\/\/santaceciliadelgrao.com\/index.php?rest_route=%2Fwp%2Fv2%2Fmedia&parent=384"}],"wp:term":[{"taxonomy":"category","embeddable":true,"href":"http:\/\/santaceciliadelgrao.com\/index.php?rest_route=%2Fwp%2Fv2%2Fcategories&post=384"},{"taxonomy":"post_tag","embeddable":true,"href":"http:\/\/santaceciliadelgrao.com\/index.php?rest_route=%2Fwp%2Fv2%2Ftags&post=384"}],"curies":[{"name":"wp","href":"https:\/\/api.w.org\/{rel}","templated":true}]}}