{"id":3815,"date":"2024-12-27T19:27:23","date_gmt":"2024-12-27T19:27:23","guid":{"rendered":"http:\/\/santaceciliadelgrao.com\/?p=3815"},"modified":"2024-12-27T19:29:37","modified_gmt":"2024-12-27T19:29:37","slug":"concierto-especial-de-navidad-de-las-escuelas-de-musica","status":"publish","type":"post","link":"http:\/\/santaceciliadelgrao.com\/?p=3815","title":{"rendered":"Concierto especial de Navidad de las escuelas de m\u00fasica"},"content":{"rendered":"<\/p>\n\n\n<div class=\"wp-block-media-text is-stacked-on-mobile\"><figure class=\"wp-block-media-text__media\"><img loading=\"lazy\" decoding=\"async\" width=\"724\" height=\"1024\" src=\"http:\/\/santaceciliadelgrao.com\/wp-content\/uploads\/2024\/12\/WhatsApp-Image-2024-12-27-at-20.22.39-1-724x1024.jpeg\" alt=\"\" class=\"wp-image-3820 size-full\" srcset=\"http:\/\/santaceciliadelgrao.com\/wp-content\/uploads\/2024\/12\/WhatsApp-Image-2024-12-27-at-20.22.39-1-724x1024.jpeg 724w, http:\/\/santaceciliadelgrao.com\/wp-content\/uploads\/2024\/12\/WhatsApp-Image-2024-12-27-at-20.22.39-1-212x300.jpeg 212w, http:\/\/santaceciliadelgrao.com\/wp-content\/uploads\/2024\/12\/WhatsApp-Image-2024-12-27-at-20.22.39-1-768x1086.jpeg 768w, http:\/\/santaceciliadelgrao.com\/wp-content\/uploads\/2024\/12\/WhatsApp-Image-2024-12-27-at-20.22.39-1-1087x1536.jpeg 1087w, http:\/\/santaceciliadelgrao.com\/wp-content\/uploads\/2024\/12\/WhatsApp-Image-2024-12-27-at-20.22.39-1-1024x1447.jpeg 1024w, http:\/\/santaceciliadelgrao.com\/wp-content\/uploads\/2024\/12\/WhatsApp-Image-2024-12-27-at-20.22.39-1-764x1080.jpeg 764w, http:\/\/santaceciliadelgrao.com\/wp-content\/uploads\/2024\/12\/WhatsApp-Image-2024-12-27-at-20.22.39-1.jpeg 1415w\" sizes=\"auto, (max-width: 724px) 100vw, 724px\" \/><\/figure><div class=\"wp-block-media-text__content\">\n<p>Las escuelas de m\u00fasica de Val\u00e8ncia, gracias a la iniciativa de la Federaci\u00f3n de Sociedades Musicales de la Comunitat Valenciana, ofrecen un concierto con motivo de las fiestas de Navidad, bajo la direcci\u00f3n de nuestro director titular, <strong>Adri\u00e0 S\u00e1nchez Castell\u00f3<\/strong>. La cita es por la tarde del 3 de enero, en la plaza de La Mare de D\u00e9u dels Desemparats.<\/p>\n\n\n\n<p>Nuestra escuela participa con una amplia representaci\u00f3n de m\u00fasicos y m\u00fasicas de la <strong>banda escolar<\/strong> y, por eso, os invitamos a acompa\u00f1arnos en este evento tan especial. <\/p>\n<\/div><\/div>\n","protected":false},"excerpt":{"rendered":"<p>Las escuelas de m\u00fasica de Val\u00e8ncia, gracias a la iniciativa de la Federaci\u00f3n de Sociedades Musicales de la Comunitat Valenciana, ofrecen un concierto con motivo de las fiestas de Navidad, bajo la direcci\u00f3n de nuestro director titular, Adri\u00e0 S\u00e1nchez Castell\u00f3. La cita es por la tarde del 3 de enero, en la plaza de La&hellip; <br \/> <a class=\"button small blue\" href=\"http:\/\/santaceciliadelgrao.com\/?p=3815\">Read more<\/a><\/p>\n","protected":false},"author":1,"featured_media":3813,"comment_status":"open","ping_status":"open","sticky":false,"template":"","format":"standard","meta":{"footnotes":""},"categories":[174],"tags":[314,365,25,245],"class_list":["post-3815","post","type-post","status-publish","format-standard","has-post-thumbnail","hentry","category-noticias","tag-concierto-es","tag-director","tag-escuela","tag-navidad"],"_links":{"self":[{"href":"http:\/\/santaceciliadelgrao.com\/index.php?rest_route=\/wp\/v2\/posts\/3815","targetHints":{"allow":["GET"]}}],"collection":[{"href":"http:\/\/santaceciliadelgrao.com\/index.php?rest_route=\/wp\/v2\/posts"}],"about":[{"href":"http:\/\/santaceciliadelgrao.com\/index.php?rest_route=\/wp\/v2\/types\/post"}],"author":[{"embeddable":true,"href":"http:\/\/santaceciliadelgrao.com\/index.php?rest_route=\/wp\/v2\/users\/1"}],"replies":[{"embeddable":true,"href":"http:\/\/santaceciliadelgrao.com\/index.php?rest_route=%2Fwp%2Fv2%2Fcomments&post=3815"}],"version-history":[{"count":2,"href":"http:\/\/santaceciliadelgrao.com\/index.php?rest_route=\/wp\/v2\/posts\/3815\/revisions"}],"predecessor-version":[{"id":3821,"href":"http:\/\/santaceciliadelgrao.com\/index.php?rest_route=\/wp\/v2\/posts\/3815\/revisions\/3821"}],"wp:featuredmedia":[{"embeddable":true,"href":"http:\/\/santaceciliadelgrao.com\/index.php?rest_route=\/wp\/v2\/media\/3813"}],"wp:attachment":[{"href":"http:\/\/santaceciliadelgrao.com\/index.php?rest_route=%2Fwp%2Fv2%2Fmedia&parent=3815"}],"wp:term":[{"taxonomy":"category","embeddable":true,"href":"http:\/\/santaceciliadelgrao.com\/index.php?rest_route=%2Fwp%2Fv2%2Fcategories&post=3815"},{"taxonomy":"post_tag","embeddable":true,"href":"http:\/\/santaceciliadelgrao.com\/index.php?rest_route=%2Fwp%2Fv2%2Ftags&post=3815"}],"curies":[{"name":"wp","href":"https:\/\/api.w.org\/{rel}","templated":true}]}}