{"id":3744,"date":"2024-11-22T16:04:48","date_gmt":"2024-11-22T16:04:48","guid":{"rendered":"http:\/\/santaceciliadelgrao.com\/?p=3744"},"modified":"2024-11-22T16:04:49","modified_gmt":"2024-11-22T16:04:49","slug":"concert-santa-cecilia-2024","status":"publish","type":"post","link":"http:\/\/santaceciliadelgrao.com\/?p=3744","title":{"rendered":"Concert Santa Cec\u00edlia 2024"},"content":{"rendered":"\n\n\n<div class=\"wp-block-media-text is-stacked-on-mobile\" style=\"grid-template-columns:47% auto\"><figure class=\"wp-block-media-text__media\"><img loading=\"lazy\" decoding=\"async\" width=\"631\" height=\"790\" src=\"http:\/\/santaceciliadelgrao.com\/wp-content\/uploads\/2024\/11\/Captura-de-pantalla-2024-11-22-165451.png\" alt=\"\" class=\"wp-image-3745 size-full\" srcset=\"http:\/\/santaceciliadelgrao.com\/wp-content\/uploads\/2024\/11\/Captura-de-pantalla-2024-11-22-165451.png 631w, http:\/\/santaceciliadelgrao.com\/wp-content\/uploads\/2024\/11\/Captura-de-pantalla-2024-11-22-165451-240x300.png 240w\" sizes=\"auto, (max-width: 631px) 100vw, 631px\" \/><\/figure><div class=\"wp-block-media-text__content\">\n<p>Dem\u00e0 <strong>dissabte, a les 20 h<\/strong>, vos esperem a l&#8217;<strong>esgl\u00e9sia de Santa Maria del Mar<\/strong>, on la coral escolar, la coral polif\u00f2nica i la nostra banda titular ens oferiran un concert molt especial per a celebrar Santa Cec\u00edlia, patrona de la m\u00fasica i dels m\u00fasics. A m\u00e9s, donarem la benvinguda oficial als nous integrants de la banda i proclamaren la Musa de l&#8217;exercici 24-25.<\/p>\n\n\n\n<p>Enguany, davant la terrible situaci\u00f3 provocada por la barrancada, es recolliran donatius per a les bandes que han resultat afectades.<\/p>\n\n\n\n<p>Vos esperem amb molta il\u00b7lusi\u00f3 i grans dosis de m\u00fasica!<\/p>\n\n\n\n<p><\/p>\n\n\n\n<p><\/p>\n\n\n\n<p><\/p>\n<\/div><\/div>\n","protected":false},"excerpt":{"rendered":"<p>Dem\u00e0 dissabte, a les 20 h, vos esperem a l&#8217;esgl\u00e9sia de Santa Maria del Mar, on la coral escolar, la coral polif\u00f2nica i la nostra banda titular ens oferiran un concert molt especial per a celebrar Santa Cec\u00edlia, patrona de la m\u00fasica i dels m\u00fasics. A m\u00e9s, donarem la benvinguda oficial als nous integrants de&hellip; <br \/> <a class=\"button small blue\" href=\"http:\/\/santaceciliadelgrao.com\/?p=3744\">Read more<\/a><\/p>\n","protected":false},"author":1,"featured_media":3746,"comment_status":"open","ping_status":"open","sticky":false,"template":"","format":"standard","meta":{"footnotes":""},"categories":[85],"tags":[96,89,90,32],"class_list":["post-3744","post","type-post","status-publish","format-standard","has-post-thumbnail","hentry","category-noticies","tag-banda-simfonica","tag-concert","tag-cor","tag-escola"],"_links":{"self":[{"href":"http:\/\/santaceciliadelgrao.com\/index.php?rest_route=\/wp\/v2\/posts\/3744","targetHints":{"allow":["GET"]}}],"collection":[{"href":"http:\/\/santaceciliadelgrao.com\/index.php?rest_route=\/wp\/v2\/posts"}],"about":[{"href":"http:\/\/santaceciliadelgrao.com\/index.php?rest_route=\/wp\/v2\/types\/post"}],"author":[{"embeddable":true,"href":"http:\/\/santaceciliadelgrao.com\/index.php?rest_route=\/wp\/v2\/users\/1"}],"replies":[{"embeddable":true,"href":"http:\/\/santaceciliadelgrao.com\/index.php?rest_route=%2Fwp%2Fv2%2Fcomments&post=3744"}],"version-history":[{"count":2,"href":"http:\/\/santaceciliadelgrao.com\/index.php?rest_route=\/wp\/v2\/posts\/3744\/revisions"}],"predecessor-version":[{"id":3748,"href":"http:\/\/santaceciliadelgrao.com\/index.php?rest_route=\/wp\/v2\/posts\/3744\/revisions\/3748"}],"wp:featuredmedia":[{"embeddable":true,"href":"http:\/\/santaceciliadelgrao.com\/index.php?rest_route=\/wp\/v2\/media\/3746"}],"wp:attachment":[{"href":"http:\/\/santaceciliadelgrao.com\/index.php?rest_route=%2Fwp%2Fv2%2Fmedia&parent=3744"}],"wp:term":[{"taxonomy":"category","embeddable":true,"href":"http:\/\/santaceciliadelgrao.com\/index.php?rest_route=%2Fwp%2Fv2%2Fcategories&post=3744"},{"taxonomy":"post_tag","embeddable":true,"href":"http:\/\/santaceciliadelgrao.com\/index.php?rest_route=%2Fwp%2Fv2%2Ftags&post=3744"}],"curies":[{"name":"wp","href":"https:\/\/api.w.org\/{rel}","templated":true}]}}