{"id":3618,"date":"2024-06-06T12:29:19","date_gmt":"2024-06-06T12:29:19","guid":{"rendered":"http:\/\/santaceciliadelgrao.com\/?p=3618"},"modified":"2024-06-06T12:29:21","modified_gmt":"2024-06-06T12:29:21","slug":"conciertos-de-intercambio-banda-escolar","status":"publish","type":"post","link":"http:\/\/santaceciliadelgrao.com\/?p=3618","title":{"rendered":"Conciertos de intercambio banda escolar"},"content":{"rendered":"\n<div class=\"wp-block-media-text is-stacked-on-mobile\"><figure class=\"wp-block-media-text__media\"><img loading=\"lazy\" decoding=\"async\" width=\"724\" height=\"1024\" src=\"http:\/\/santaceciliadelgrao.com\/wp-content\/uploads\/2024\/06\/WhatsApp-Image-2024-06-05-at-07.44.28-724x1024.jpeg\" alt=\"\" class=\"wp-image-3615 size-full\" srcset=\"http:\/\/santaceciliadelgrao.com\/wp-content\/uploads\/2024\/06\/WhatsApp-Image-2024-06-05-at-07.44.28-724x1024.jpeg 724w, http:\/\/santaceciliadelgrao.com\/wp-content\/uploads\/2024\/06\/WhatsApp-Image-2024-06-05-at-07.44.28-212x300.jpeg 212w, http:\/\/santaceciliadelgrao.com\/wp-content\/uploads\/2024\/06\/WhatsApp-Image-2024-06-05-at-07.44.28-768x1086.jpeg 768w, http:\/\/santaceciliadelgrao.com\/wp-content\/uploads\/2024\/06\/WhatsApp-Image-2024-06-05-at-07.44.28-1087x1536.jpeg 1087w, http:\/\/santaceciliadelgrao.com\/wp-content\/uploads\/2024\/06\/WhatsApp-Image-2024-06-05-at-07.44.28-1024x1447.jpeg 1024w, http:\/\/santaceciliadelgrao.com\/wp-content\/uploads\/2024\/06\/WhatsApp-Image-2024-06-05-at-07.44.28-764x1080.jpeg 764w, http:\/\/santaceciliadelgrao.com\/wp-content\/uploads\/2024\/06\/WhatsApp-Image-2024-06-05-at-07.44.28.jpeg 1415w\" sizes=\"auto, (max-width: 724px) 100vw, 724px\" \/><\/figure><div class=\"wp-block-media-text__content\">\n<p>Os esperamos este s\u00e1bado en el patio de nuestra escuela, por la ma\u00f1ana, y en la sede de la Sociedad Musical La Uni\u00f3n de Tres Forques, por la tarde, para disfrutar de una jornada musical con un doble concierto dentro de la Campa\u00f1a de intercambios musicales que organiza la Federaci\u00f3n de Sociedades Musicales de la Comunitat Valenciana.<\/p>\n\n\n\n<p>No os lo perd\u00e1is!<\/p>\n<\/div><\/div>\n","protected":false},"excerpt":{"rendered":"<p>Os esperamos este s\u00e1bado en el patio de nuestra escuela, por la ma\u00f1ana, y en la sede de la Sociedad Musical La Uni\u00f3n de Tres Forques, por la tarde, para disfrutar de una jornada musical con un doble concierto dentro de la Campa\u00f1a de intercambios musicales que organiza la Federaci\u00f3n de Sociedades Musicales de la&hellip; <br \/> <a class=\"button small blue\" href=\"http:\/\/santaceciliadelgrao.com\/?p=3618\">Read more<\/a><\/p>\n","protected":false},"author":1,"featured_media":3616,"comment_status":"open","ping_status":"open","sticky":false,"template":"","format":"standard","meta":{"footnotes":""},"categories":[174],"tags":[],"class_list":["post-3618","post","type-post","status-publish","format-standard","has-post-thumbnail","hentry","category-noticias"],"_links":{"self":[{"href":"http:\/\/santaceciliadelgrao.com\/index.php?rest_route=\/wp\/v2\/posts\/3618","targetHints":{"allow":["GET"]}}],"collection":[{"href":"http:\/\/santaceciliadelgrao.com\/index.php?rest_route=\/wp\/v2\/posts"}],"about":[{"href":"http:\/\/santaceciliadelgrao.com\/index.php?rest_route=\/wp\/v2\/types\/post"}],"author":[{"embeddable":true,"href":"http:\/\/santaceciliadelgrao.com\/index.php?rest_route=\/wp\/v2\/users\/1"}],"replies":[{"embeddable":true,"href":"http:\/\/santaceciliadelgrao.com\/index.php?rest_route=%2Fwp%2Fv2%2Fcomments&post=3618"}],"version-history":[{"count":1,"href":"http:\/\/santaceciliadelgrao.com\/index.php?rest_route=\/wp\/v2\/posts\/3618\/revisions"}],"predecessor-version":[{"id":3619,"href":"http:\/\/santaceciliadelgrao.com\/index.php?rest_route=\/wp\/v2\/posts\/3618\/revisions\/3619"}],"wp:featuredmedia":[{"embeddable":true,"href":"http:\/\/santaceciliadelgrao.com\/index.php?rest_route=\/wp\/v2\/media\/3616"}],"wp:attachment":[{"href":"http:\/\/santaceciliadelgrao.com\/index.php?rest_route=%2Fwp%2Fv2%2Fmedia&parent=3618"}],"wp:term":[{"taxonomy":"category","embeddable":true,"href":"http:\/\/santaceciliadelgrao.com\/index.php?rest_route=%2Fwp%2Fv2%2Fcategories&post=3618"},{"taxonomy":"post_tag","embeddable":true,"href":"http:\/\/santaceciliadelgrao.com\/index.php?rest_route=%2Fwp%2Fv2%2Ftags&post=3618"}],"curies":[{"name":"wp","href":"https:\/\/api.w.org\/{rel}","templated":true}]}}