{"id":3521,"date":"2024-03-20T12:10:45","date_gmt":"2024-03-20T12:10:45","guid":{"rendered":"http:\/\/santaceciliadelgrao.com\/?p=3521"},"modified":"2024-03-20T12:10:46","modified_gmt":"2024-03-20T12:10:46","slug":"21-de-marc_concert-excellent","status":"publish","type":"post","link":"http:\/\/santaceciliadelgrao.com\/?p=3521","title":{"rendered":"21 de mar\u00e7_Concert Excel\u00b7lent"},"content":{"rendered":"<p>\u00a0<\/p>\n<p>\u00a0<\/p>\n\n\n<div class=\"wp-block-media-text is-stacked-on-mobile\" style=\"grid-template-columns:42% auto\"><figure class=\"wp-block-media-text__media\"><img loading=\"lazy\" decoding=\"async\" width=\"728\" height=\"1024\" src=\"http:\/\/santaceciliadelgrao.com\/wp-content\/uploads\/2024\/03\/WhatsApp-Image-2024-03-19-at-23.03.39.jpeg\" alt=\"\" class=\"wp-image-3522 size-full\" srcset=\"http:\/\/santaceciliadelgrao.com\/wp-content\/uploads\/2024\/03\/WhatsApp-Image-2024-03-19-at-23.03.39.jpeg 728w, http:\/\/santaceciliadelgrao.com\/wp-content\/uploads\/2024\/03\/WhatsApp-Image-2024-03-19-at-23.03.39-213x300.jpeg 213w\" sizes=\"auto, (max-width: 728px) 100vw, 728px\" \/><\/figure><div class=\"wp-block-media-text__content\">\n<p>Enguany, la banda escolar de Santa Cec\u00edlia del Grau es fa c\u00e0rrec del concert <strong>Excel\u00b7lent<\/strong>, dins de la campanya &#8220;M\u00fasica de banda&#8221; que cada any organitza la Diputaci\u00f3 de Val\u00e8ncia.<\/p>\n\n\n\n<p>La cita \u00e9s este dijous 21 de mar\u00e7, a les 18.30 h, a l&#8217;<strong>auditori de l&#8217;Espai Jove VLC<\/strong>, al carrer de Campoamor, 91.<\/p>\n\n\n\n<p>Vos esperem a tots i totes per a compartir una vesprada musical amb ritmes de la terra i tamb\u00e9 del m\u00f3n del <em>jazz<\/em> i el <em>blues<\/em>.<\/p>\n<\/div><\/div>\n","protected":false},"excerpt":{"rendered":"<p>\u00a0 \u00a0 Enguany, la banda escolar de Santa Cec\u00edlia del Grau es fa c\u00e0rrec del concert Excel\u00b7lent, dins de la campanya &#8220;M\u00fasica de banda&#8221; que cada any organitza la Diputaci\u00f3 de Val\u00e8ncia. La cita \u00e9s este dijous 21 de mar\u00e7, a les 18.30 h, a l&#8217;auditori de l&#8217;Espai Jove VLC, al carrer de Campoamor, 91.&hellip; <br \/> <a class=\"button small blue\" href=\"http:\/\/santaceciliadelgrao.com\/?p=3521\">Read more<\/a><\/p>\n","protected":false},"author":1,"featured_media":3523,"comment_status":"open","ping_status":"open","sticky":false,"template":"","format":"standard","meta":{"footnotes":""},"categories":[85],"tags":[92,89,91,32],"class_list":["post-3521","post","type-post","status-publish","format-standard","has-post-thumbnail","hentry","category-noticies","tag-banda-juvenil","tag-concert","tag-director-a","tag-escola"],"_links":{"self":[{"href":"http:\/\/santaceciliadelgrao.com\/index.php?rest_route=\/wp\/v2\/posts\/3521","targetHints":{"allow":["GET"]}}],"collection":[{"href":"http:\/\/santaceciliadelgrao.com\/index.php?rest_route=\/wp\/v2\/posts"}],"about":[{"href":"http:\/\/santaceciliadelgrao.com\/index.php?rest_route=\/wp\/v2\/types\/post"}],"author":[{"embeddable":true,"href":"http:\/\/santaceciliadelgrao.com\/index.php?rest_route=\/wp\/v2\/users\/1"}],"replies":[{"embeddable":true,"href":"http:\/\/santaceciliadelgrao.com\/index.php?rest_route=%2Fwp%2Fv2%2Fcomments&post=3521"}],"version-history":[{"count":4,"href":"http:\/\/santaceciliadelgrao.com\/index.php?rest_route=\/wp\/v2\/posts\/3521\/revisions"}],"predecessor-version":[{"id":3527,"href":"http:\/\/santaceciliadelgrao.com\/index.php?rest_route=\/wp\/v2\/posts\/3521\/revisions\/3527"}],"wp:featuredmedia":[{"embeddable":true,"href":"http:\/\/santaceciliadelgrao.com\/index.php?rest_route=\/wp\/v2\/media\/3523"}],"wp:attachment":[{"href":"http:\/\/santaceciliadelgrao.com\/index.php?rest_route=%2Fwp%2Fv2%2Fmedia&parent=3521"}],"wp:term":[{"taxonomy":"category","embeddable":true,"href":"http:\/\/santaceciliadelgrao.com\/index.php?rest_route=%2Fwp%2Fv2%2Fcategories&post=3521"},{"taxonomy":"post_tag","embeddable":true,"href":"http:\/\/santaceciliadelgrao.com\/index.php?rest_route=%2Fwp%2Fv2%2Ftags&post=3521"}],"curies":[{"name":"wp","href":"https:\/\/api.w.org\/{rel}","templated":true}]}}