{"id":3462,"date":"2023-12-15T11:28:30","date_gmt":"2023-12-15T11:28:30","guid":{"rendered":"http:\/\/santaceciliadelgrao.com\/?p=3462"},"modified":"2023-12-15T11:28:31","modified_gmt":"2023-12-15T11:28:31","slug":"dona-la-benvinguda-al-nadal-amb-scg","status":"publish","type":"post","link":"http:\/\/santaceciliadelgrao.com\/?p=3462","title":{"rendered":"Dona la benvinguda al Nadal amb SCG"},"content":{"rendered":"\n\n\n<div class=\"wp-block-media-text is-stacked-on-mobile\" style=\"grid-template-columns:36% auto\"><figure class=\"wp-block-media-text__media\"><img loading=\"lazy\" decoding=\"async\" width=\"724\" height=\"1024\" src=\"http:\/\/santaceciliadelgrao.com\/wp-content\/uploads\/2023\/12\/NAVIDAD-SAN-MAURO-724x1024.jpeg\" alt=\"\" class=\"wp-image-3463 size-full\" srcset=\"http:\/\/santaceciliadelgrao.com\/wp-content\/uploads\/2023\/12\/NAVIDAD-SAN-MAURO-724x1024.jpeg 724w, http:\/\/santaceciliadelgrao.com\/wp-content\/uploads\/2023\/12\/NAVIDAD-SAN-MAURO-212x300.jpeg 212w, http:\/\/santaceciliadelgrao.com\/wp-content\/uploads\/2023\/12\/NAVIDAD-SAN-MAURO-768x1086.jpeg 768w, http:\/\/santaceciliadelgrao.com\/wp-content\/uploads\/2023\/12\/NAVIDAD-SAN-MAURO-1086x1536.jpeg 1086w, http:\/\/santaceciliadelgrao.com\/wp-content\/uploads\/2023\/12\/NAVIDAD-SAN-MAURO-1024x1448.jpeg 1024w, http:\/\/santaceciliadelgrao.com\/wp-content\/uploads\/2023\/12\/NAVIDAD-SAN-MAURO-764x1080.jpeg 764w, http:\/\/santaceciliadelgrao.com\/wp-content\/uploads\/2023\/12\/NAVIDAD-SAN-MAURO.jpeg 1448w\" sizes=\"auto, (max-width: 724px) 100vw, 724px\" \/><\/figure><div class=\"wp-block-media-text__content\">\n<p>Per a tancar este cap de setmana tan farcit d&#8217;activitats, no hi ha millor manera que assistir al tradicional concert de Nadal que la banda titular SCG, juntament amb el cor de l&#8217;escola de m\u00fasica i la coral de l&#8217;agrupaci\u00f3, oferix a ve\u00efns i ve\u00efnes del nostre barri en la parr\u00f2quia de Sant Maure, al carrer de la Noguera.<\/p>\n\n\n\n<p>Acompanya&#8217;ns i dona la benvinguda al Nadal amb nosaltres!<\/p>\n<\/div><\/div>\n","protected":false},"excerpt":{"rendered":"<p>Per a tancar este cap de setmana tan farcit d&#8217;activitats, no hi ha millor manera que assistir al tradicional concert de Nadal que la banda titular SCG, juntament amb el cor de l&#8217;escola de m\u00fasica i la coral de l&#8217;agrupaci\u00f3, oferix a ve\u00efns i ve\u00efnes del nostre barri en la parr\u00f2quia de Sant Maure, al&hellip; <br \/> <a class=\"button small blue\" href=\"http:\/\/santaceciliadelgrao.com\/?p=3462\">Read more<\/a><\/p>\n","protected":false},"author":1,"featured_media":3464,"comment_status":"open","ping_status":"open","sticky":false,"template":"","format":"standard","meta":{"footnotes":""},"categories":[85],"tags":[96,89,90,88],"class_list":["post-3462","post","type-post","status-publish","format-standard","has-post-thumbnail","hentry","category-noticies","tag-banda-simfonica","tag-concert","tag-cor","tag-nadal"],"_links":{"self":[{"href":"http:\/\/santaceciliadelgrao.com\/index.php?rest_route=\/wp\/v2\/posts\/3462","targetHints":{"allow":["GET"]}}],"collection":[{"href":"http:\/\/santaceciliadelgrao.com\/index.php?rest_route=\/wp\/v2\/posts"}],"about":[{"href":"http:\/\/santaceciliadelgrao.com\/index.php?rest_route=\/wp\/v2\/types\/post"}],"author":[{"embeddable":true,"href":"http:\/\/santaceciliadelgrao.com\/index.php?rest_route=\/wp\/v2\/users\/1"}],"replies":[{"embeddable":true,"href":"http:\/\/santaceciliadelgrao.com\/index.php?rest_route=%2Fwp%2Fv2%2Fcomments&post=3462"}],"version-history":[{"count":1,"href":"http:\/\/santaceciliadelgrao.com\/index.php?rest_route=\/wp\/v2\/posts\/3462\/revisions"}],"predecessor-version":[{"id":3465,"href":"http:\/\/santaceciliadelgrao.com\/index.php?rest_route=\/wp\/v2\/posts\/3462\/revisions\/3465"}],"wp:featuredmedia":[{"embeddable":true,"href":"http:\/\/santaceciliadelgrao.com\/index.php?rest_route=\/wp\/v2\/media\/3464"}],"wp:attachment":[{"href":"http:\/\/santaceciliadelgrao.com\/index.php?rest_route=%2Fwp%2Fv2%2Fmedia&parent=3462"}],"wp:term":[{"taxonomy":"category","embeddable":true,"href":"http:\/\/santaceciliadelgrao.com\/index.php?rest_route=%2Fwp%2Fv2%2Fcategories&post=3462"},{"taxonomy":"post_tag","embeddable":true,"href":"http:\/\/santaceciliadelgrao.com\/index.php?rest_route=%2Fwp%2Fv2%2Ftags&post=3462"}],"curies":[{"name":"wp","href":"https:\/\/api.w.org\/{rel}","templated":true}]}}