{"id":331,"date":"2018-06-13T11:59:59","date_gmt":"2018-06-13T11:59:59","guid":{"rendered":"http:\/\/santaceciliadelgrao.com\/?p=331"},"modified":"2018-06-13T11:59:59","modified_gmt":"2018-06-13T11:59:59","slug":"encuentro-coral-el-proximo-16-de-junio","status":"publish","type":"post","link":"http:\/\/santaceciliadelgrao.com\/?p=331","title":{"rendered":"Encuentro Coral el pr\u00f3ximo 16 de junio"},"content":{"rendered":"<p><span style=\"color: #000000;\">\u00a0Os invitamos a todos a un encuentro coral el pr\u00f3ximo s\u00e1bado 16 de junio a las 18:30h en el Ateneo Mar\u00edtimo (C\/La Reina, 68) donde participar\u00e1 nuestro Coro junto con la Coral de Museros y la Coral de Albal.<\/span><\/p>\n<p><span style=\"color: #000000;\">\u00a1\u00a1Os esperamos a todos!!<\/span><\/p>\n<p><img loading=\"lazy\" decoding=\"async\" class=\" wp-image-332 aligncenter\" src=\"http:\/\/santaceciliadelgrao.com\/wp-content\/uploads\/2018\/06\/35298047_971238669702349_4882328434782502912_o.jpg\" alt=\"\" width=\"497\" height=\"681\" srcset=\"http:\/\/santaceciliadelgrao.com\/wp-content\/uploads\/2018\/06\/35298047_971238669702349_4882328434782502912_o.jpg 1080w, http:\/\/santaceciliadelgrao.com\/wp-content\/uploads\/2018\/06\/35298047_971238669702349_4882328434782502912_o-219x300.jpg 219w, http:\/\/santaceciliadelgrao.com\/wp-content\/uploads\/2018\/06\/35298047_971238669702349_4882328434782502912_o-768x1052.jpg 768w, http:\/\/santaceciliadelgrao.com\/wp-content\/uploads\/2018\/06\/35298047_971238669702349_4882328434782502912_o-748x1024.jpg 748w, http:\/\/santaceciliadelgrao.com\/wp-content\/uploads\/2018\/06\/35298047_971238669702349_4882328434782502912_o-1024x1402.jpg 1024w, http:\/\/santaceciliadelgrao.com\/wp-content\/uploads\/2018\/06\/35298047_971238669702349_4882328434782502912_o-789x1080.jpg 789w\" sizes=\"auto, (max-width: 497px) 100vw, 497px\" \/><\/p>\n","protected":false},"excerpt":{"rendered":"<p>\u00a0Os invitamos a todos a un encuentro coral el pr\u00f3ximo s\u00e1bado 16 de junio a las 18:30h en el Ateneo Mar\u00edtimo (C\/La Reina, 68) donde participar\u00e1 nuestro Coro junto con la Coral de Museros y la Coral de Albal. \u00a1\u00a1Os esperamos a todos!!<\/p>\n","protected":false},"author":1,"featured_media":0,"comment_status":"open","ping_status":"open","sticky":false,"template":"","format":"standard","meta":{"footnotes":""},"categories":[1],"tags":[],"class_list":["post-331","post","type-post","status-publish","format-standard","hentry","category-sense-categoria"],"_links":{"self":[{"href":"http:\/\/santaceciliadelgrao.com\/index.php?rest_route=\/wp\/v2\/posts\/331","targetHints":{"allow":["GET"]}}],"collection":[{"href":"http:\/\/santaceciliadelgrao.com\/index.php?rest_route=\/wp\/v2\/posts"}],"about":[{"href":"http:\/\/santaceciliadelgrao.com\/index.php?rest_route=\/wp\/v2\/types\/post"}],"author":[{"embeddable":true,"href":"http:\/\/santaceciliadelgrao.com\/index.php?rest_route=\/wp\/v2\/users\/1"}],"replies":[{"embeddable":true,"href":"http:\/\/santaceciliadelgrao.com\/index.php?rest_route=%2Fwp%2Fv2%2Fcomments&post=331"}],"version-history":[{"count":2,"href":"http:\/\/santaceciliadelgrao.com\/index.php?rest_route=\/wp\/v2\/posts\/331\/revisions"}],"predecessor-version":[{"id":334,"href":"http:\/\/santaceciliadelgrao.com\/index.php?rest_route=\/wp\/v2\/posts\/331\/revisions\/334"}],"wp:attachment":[{"href":"http:\/\/santaceciliadelgrao.com\/index.php?rest_route=%2Fwp%2Fv2%2Fmedia&parent=331"}],"wp:term":[{"taxonomy":"category","embeddable":true,"href":"http:\/\/santaceciliadelgrao.com\/index.php?rest_route=%2Fwp%2Fv2%2Fcategories&post=331"},{"taxonomy":"post_tag","embeddable":true,"href":"http:\/\/santaceciliadelgrao.com\/index.php?rest_route=%2Fwp%2Fv2%2Ftags&post=331"}],"curies":[{"name":"wp","href":"https:\/\/api.w.org\/{rel}","templated":true}]}}