{"id":3055,"date":"2023-06-16T16:19:00","date_gmt":"2023-06-16T16:19:00","guid":{"rendered":"http:\/\/santaceciliadelgrao.com\/?p=3055"},"modified":"2023-06-16T16:19:02","modified_gmt":"2023-06-16T16:19:02","slug":"concierto-final-de-curso-de-la-coral-scg","status":"publish","type":"post","link":"http:\/\/santaceciliadelgrao.com\/?p=3055","title":{"rendered":"Concierto final de curso de la coral SCG"},"content":{"rendered":"\n<p><\/p>\n\n\n\n<p><\/p>\n\n\n\n<div class=\"wp-block-media-text alignwide is-stacked-on-mobile\"><figure class=\"wp-block-media-text__media\"><img loading=\"lazy\" decoding=\"async\" width=\"724\" height=\"1024\" src=\"http:\/\/santaceciliadelgrao.com\/wp-content\/uploads\/2023\/06\/WhatsApp-Image-2023-06-16-at-14.41.28-724x1024.jpeg\" alt=\"\" class=\"wp-image-3052 size-full\" srcset=\"http:\/\/santaceciliadelgrao.com\/wp-content\/uploads\/2023\/06\/WhatsApp-Image-2023-06-16-at-14.41.28-724x1024.jpeg 724w, http:\/\/santaceciliadelgrao.com\/wp-content\/uploads\/2023\/06\/WhatsApp-Image-2023-06-16-at-14.41.28-212x300.jpeg 212w, http:\/\/santaceciliadelgrao.com\/wp-content\/uploads\/2023\/06\/WhatsApp-Image-2023-06-16-at-14.41.28-768x1086.jpeg 768w, http:\/\/santaceciliadelgrao.com\/wp-content\/uploads\/2023\/06\/WhatsApp-Image-2023-06-16-at-14.41.28-1086x1536.jpeg 1086w, http:\/\/santaceciliadelgrao.com\/wp-content\/uploads\/2023\/06\/WhatsApp-Image-2023-06-16-at-14.41.28-1024x1449.jpeg 1024w, http:\/\/santaceciliadelgrao.com\/wp-content\/uploads\/2023\/06\/WhatsApp-Image-2023-06-16-at-14.41.28-763x1080.jpeg 763w, http:\/\/santaceciliadelgrao.com\/wp-content\/uploads\/2023\/06\/WhatsApp-Image-2023-06-16-at-14.41.28.jpeg 1131w\" sizes=\"auto, (max-width: 724px) 100vw, 724px\" \/><\/figure><div class=\"wp-block-media-text__content\">\n<p>Este fin de semana Santa Cecilia del Grao tiene la agenda llena de eventos que comienzan ma\u00f1ana mismo con el concierto que nuestra agrupaci\u00f3n coral nos ofrecer\u00e1 para celebrar el final de curso.<\/p>\n\n\n\n<p>Os esperamos en el patio del local de M\u00e9ndez N\u00fa\u00f1ez, a las 18.30 de la tarde.<\/p>\n<\/div><\/div>\n","protected":false},"excerpt":{"rendered":"<p>Este fin de semana Santa Cecilia del Grao tiene la agenda llena de eventos que comienzan ma\u00f1ana mismo con el concierto que nuestra agrupaci\u00f3n coral nos ofrecer\u00e1 para celebrar el final de curso. Os esperamos en el patio del local de M\u00e9ndez N\u00fa\u00f1ez, a las 18.30 de la tarde.<\/p>\n","protected":false},"author":1,"featured_media":3053,"comment_status":"open","ping_status":"open","sticky":false,"template":"","format":"standard","meta":{"footnotes":""},"categories":[174],"tags":[],"class_list":["post-3055","post","type-post","status-publish","format-standard","has-post-thumbnail","hentry","category-noticias"],"_links":{"self":[{"href":"http:\/\/santaceciliadelgrao.com\/index.php?rest_route=\/wp\/v2\/posts\/3055","targetHints":{"allow":["GET"]}}],"collection":[{"href":"http:\/\/santaceciliadelgrao.com\/index.php?rest_route=\/wp\/v2\/posts"}],"about":[{"href":"http:\/\/santaceciliadelgrao.com\/index.php?rest_route=\/wp\/v2\/types\/post"}],"author":[{"embeddable":true,"href":"http:\/\/santaceciliadelgrao.com\/index.php?rest_route=\/wp\/v2\/users\/1"}],"replies":[{"embeddable":true,"href":"http:\/\/santaceciliadelgrao.com\/index.php?rest_route=%2Fwp%2Fv2%2Fcomments&post=3055"}],"version-history":[{"count":1,"href":"http:\/\/santaceciliadelgrao.com\/index.php?rest_route=\/wp\/v2\/posts\/3055\/revisions"}],"predecessor-version":[{"id":3056,"href":"http:\/\/santaceciliadelgrao.com\/index.php?rest_route=\/wp\/v2\/posts\/3055\/revisions\/3056"}],"wp:featuredmedia":[{"embeddable":true,"href":"http:\/\/santaceciliadelgrao.com\/index.php?rest_route=\/wp\/v2\/media\/3053"}],"wp:attachment":[{"href":"http:\/\/santaceciliadelgrao.com\/index.php?rest_route=%2Fwp%2Fv2%2Fmedia&parent=3055"}],"wp:term":[{"taxonomy":"category","embeddable":true,"href":"http:\/\/santaceciliadelgrao.com\/index.php?rest_route=%2Fwp%2Fv2%2Fcategories&post=3055"},{"taxonomy":"post_tag","embeddable":true,"href":"http:\/\/santaceciliadelgrao.com\/index.php?rest_route=%2Fwp%2Fv2%2Ftags&post=3055"}],"curies":[{"name":"wp","href":"https:\/\/api.w.org\/{rel}","templated":true}]}}