{"id":3038,"date":"2023-06-07T08:56:48","date_gmt":"2023-06-07T08:56:48","guid":{"rendered":"http:\/\/santaceciliadelgrao.com\/?p=3038"},"modified":"2023-06-07T09:00:22","modified_gmt":"2023-06-07T09:00:22","slug":"convida-els-teus-amics-i-amigues-a-coneixer-lescola-2","status":"publish","type":"post","link":"http:\/\/santaceciliadelgrao.com\/?p=3038","title":{"rendered":"Convida els teus amics i amigues a con\u00e9ixer l&#8217;escola"},"content":{"rendered":"\n<p><\/p>\n\n\n\n<p><\/p>\n\n\n\n<div class=\"wp-block-media-text alignwide is-stacked-on-mobile\"><figure class=\"wp-block-media-text__media\"><img loading=\"lazy\" decoding=\"async\" width=\"724\" height=\"1024\" src=\"http:\/\/santaceciliadelgrao.com\/wp-content\/uploads\/2023\/06\/WhatsApp-Image-2023-06-07-at-10.42.40-724x1024.jpeg\" alt=\"\" class=\"wp-image-3039 size-full\" srcset=\"http:\/\/santaceciliadelgrao.com\/wp-content\/uploads\/2023\/06\/WhatsApp-Image-2023-06-07-at-10.42.40-724x1024.jpeg 724w, http:\/\/santaceciliadelgrao.com\/wp-content\/uploads\/2023\/06\/WhatsApp-Image-2023-06-07-at-10.42.40-212x300.jpeg 212w, http:\/\/santaceciliadelgrao.com\/wp-content\/uploads\/2023\/06\/WhatsApp-Image-2023-06-07-at-10.42.40-768x1086.jpeg 768w, http:\/\/santaceciliadelgrao.com\/wp-content\/uploads\/2023\/06\/WhatsApp-Image-2023-06-07-at-10.42.40-1086x1536.jpeg 1086w, http:\/\/santaceciliadelgrao.com\/wp-content\/uploads\/2023\/06\/WhatsApp-Image-2023-06-07-at-10.42.40-1024x1449.jpeg 1024w, http:\/\/santaceciliadelgrao.com\/wp-content\/uploads\/2023\/06\/WhatsApp-Image-2023-06-07-at-10.42.40-763x1080.jpeg 763w, http:\/\/santaceciliadelgrao.com\/wp-content\/uploads\/2023\/06\/WhatsApp-Image-2023-06-07-at-10.42.40.jpeg 1131w\" sizes=\"auto, (max-width: 724px) 100vw, 724px\" \/><\/figure><div class=\"wp-block-media-text__content\">\n<p>Una edici\u00f3 m\u00e9s l&#8217;escola de m\u00fasica de SCG organitza una vesprada molt especial i divertida en qu\u00e8 el nostre alumnat convida els seus amics i amigues a visitar-nos i con\u00e9ixer de primera m\u00e0 els instruments musicals.<\/p>\n\n\n\n<p>Tens tota la informaci\u00f3 en el cartell adjunt.<\/p>\n\n\n\n<p>Vine i gaudix de la festa!<\/p>\n<\/div><\/div>\n","protected":false},"excerpt":{"rendered":"<p>Una edici\u00f3 m\u00e9s l&#8217;escola de m\u00fasica de SCG organitza una vesprada molt especial i divertida en qu\u00e8 el nostre alumnat convida els seus amics i amigues a visitar-nos i con\u00e9ixer de primera m\u00e0 els instruments musicals. Tens tota la informaci\u00f3 en el cartell adjunt. Vine i gaudix de la festa!<\/p>\n","protected":false},"author":1,"featured_media":3040,"comment_status":"open","ping_status":"open","sticky":false,"template":"","format":"standard","meta":{"footnotes":""},"categories":[85],"tags":[32,105],"class_list":["post-3038","post","type-post","status-publish","format-standard","has-post-thumbnail","hentry","category-noticies","tag-escola","tag-festival"],"_links":{"self":[{"href":"http:\/\/santaceciliadelgrao.com\/index.php?rest_route=\/wp\/v2\/posts\/3038","targetHints":{"allow":["GET"]}}],"collection":[{"href":"http:\/\/santaceciliadelgrao.com\/index.php?rest_route=\/wp\/v2\/posts"}],"about":[{"href":"http:\/\/santaceciliadelgrao.com\/index.php?rest_route=\/wp\/v2\/types\/post"}],"author":[{"embeddable":true,"href":"http:\/\/santaceciliadelgrao.com\/index.php?rest_route=\/wp\/v2\/users\/1"}],"replies":[{"embeddable":true,"href":"http:\/\/santaceciliadelgrao.com\/index.php?rest_route=%2Fwp%2Fv2%2Fcomments&post=3038"}],"version-history":[{"count":3,"href":"http:\/\/santaceciliadelgrao.com\/index.php?rest_route=\/wp\/v2\/posts\/3038\/revisions"}],"predecessor-version":[{"id":3045,"href":"http:\/\/santaceciliadelgrao.com\/index.php?rest_route=\/wp\/v2\/posts\/3038\/revisions\/3045"}],"wp:featuredmedia":[{"embeddable":true,"href":"http:\/\/santaceciliadelgrao.com\/index.php?rest_route=\/wp\/v2\/media\/3040"}],"wp:attachment":[{"href":"http:\/\/santaceciliadelgrao.com\/index.php?rest_route=%2Fwp%2Fv2%2Fmedia&parent=3038"}],"wp:term":[{"taxonomy":"category","embeddable":true,"href":"http:\/\/santaceciliadelgrao.com\/index.php?rest_route=%2Fwp%2Fv2%2Fcategories&post=3038"},{"taxonomy":"post_tag","embeddable":true,"href":"http:\/\/santaceciliadelgrao.com\/index.php?rest_route=%2Fwp%2Fv2%2Ftags&post=3038"}],"curies":[{"name":"wp","href":"https:\/\/api.w.org\/{rel}","templated":true}]}}