{"id":3036,"date":"2023-05-31T08:35:19","date_gmt":"2023-05-31T08:35:19","guid":{"rendered":"http:\/\/santaceciliadelgrao.com\/?p=3036"},"modified":"2023-05-31T08:35:21","modified_gmt":"2023-05-31T08:35:21","slug":"actuacion-del-coro-scg-en-la-eliana","status":"publish","type":"post","link":"http:\/\/santaceciliadelgrao.com\/?p=3036","title":{"rendered":"Actuaci\u00f3n del coro SCG en La Eliana"},"content":{"rendered":"\n<p><\/p>\n\n\n\n<p><\/p>\n\n\n\n<div class=\"wp-block-media-text alignwide is-stacked-on-mobile\" style=\"grid-template-columns:68% auto\"><figure class=\"wp-block-media-text__media\"><img loading=\"lazy\" decoding=\"async\" width=\"1024\" height=\"724\" src=\"http:\/\/santaceciliadelgrao.com\/wp-content\/uploads\/2023\/05\/WhatsApp-Image-2023-05-30-at-18.28.38-1024x724.jpeg\" alt=\"\" class=\"wp-image-3032 size-full\" srcset=\"http:\/\/santaceciliadelgrao.com\/wp-content\/uploads\/2023\/05\/WhatsApp-Image-2023-05-30-at-18.28.38-1024x724.jpeg 1024w, http:\/\/santaceciliadelgrao.com\/wp-content\/uploads\/2023\/05\/WhatsApp-Image-2023-05-30-at-18.28.38-300x212.jpeg 300w, http:\/\/santaceciliadelgrao.com\/wp-content\/uploads\/2023\/05\/WhatsApp-Image-2023-05-30-at-18.28.38-768x543.jpeg 768w, http:\/\/santaceciliadelgrao.com\/wp-content\/uploads\/2023\/05\/WhatsApp-Image-2023-05-30-at-18.28.38.jpeg 1169w\" sizes=\"auto, (max-width: 1024px) 100vw, 1024px\" \/><\/figure><div class=\"wp-block-media-text__content\">\n<p>Os esperamos este s\u00e1bado en La Eliana, donde nuestra agrupaci\u00f3n coral participar\u00e1 junto con otros coros de diversas poblaciones en la  <strong>Trobada de cors al carrer<\/strong> de este municipio.<\/p>\n<\/div><\/div>\n","protected":false},"excerpt":{"rendered":"<p>Os esperamos este s\u00e1bado en La Eliana, donde nuestra agrupaci\u00f3n coral participar\u00e1 junto con otros coros de diversas poblaciones en la Trobada de cors al carrer de este municipio.<\/p>\n","protected":false},"author":1,"featured_media":3033,"comment_status":"open","ping_status":"open","sticky":false,"template":"","format":"standard","meta":{"footnotes":""},"categories":[174],"tags":[],"class_list":["post-3036","post","type-post","status-publish","format-standard","has-post-thumbnail","hentry","category-noticias"],"_links":{"self":[{"href":"http:\/\/santaceciliadelgrao.com\/index.php?rest_route=\/wp\/v2\/posts\/3036","targetHints":{"allow":["GET"]}}],"collection":[{"href":"http:\/\/santaceciliadelgrao.com\/index.php?rest_route=\/wp\/v2\/posts"}],"about":[{"href":"http:\/\/santaceciliadelgrao.com\/index.php?rest_route=\/wp\/v2\/types\/post"}],"author":[{"embeddable":true,"href":"http:\/\/santaceciliadelgrao.com\/index.php?rest_route=\/wp\/v2\/users\/1"}],"replies":[{"embeddable":true,"href":"http:\/\/santaceciliadelgrao.com\/index.php?rest_route=%2Fwp%2Fv2%2Fcomments&post=3036"}],"version-history":[{"count":1,"href":"http:\/\/santaceciliadelgrao.com\/index.php?rest_route=\/wp\/v2\/posts\/3036\/revisions"}],"predecessor-version":[{"id":3037,"href":"http:\/\/santaceciliadelgrao.com\/index.php?rest_route=\/wp\/v2\/posts\/3036\/revisions\/3037"}],"wp:featuredmedia":[{"embeddable":true,"href":"http:\/\/santaceciliadelgrao.com\/index.php?rest_route=\/wp\/v2\/media\/3033"}],"wp:attachment":[{"href":"http:\/\/santaceciliadelgrao.com\/index.php?rest_route=%2Fwp%2Fv2%2Fmedia&parent=3036"}],"wp:term":[{"taxonomy":"category","embeddable":true,"href":"http:\/\/santaceciliadelgrao.com\/index.php?rest_route=%2Fwp%2Fv2%2Fcategories&post=3036"},{"taxonomy":"post_tag","embeddable":true,"href":"http:\/\/santaceciliadelgrao.com\/index.php?rest_route=%2Fwp%2Fv2%2Ftags&post=3036"}],"curies":[{"name":"wp","href":"https:\/\/api.w.org\/{rel}","templated":true}]}}