{"id":3025,"date":"2023-05-31T08:20:43","date_gmt":"2023-05-31T08:20:43","guid":{"rendered":"http:\/\/santaceciliadelgrao.com\/?p=3025"},"modified":"2023-05-31T08:20:45","modified_gmt":"2023-05-31T08:20:45","slug":"matricula-oberta-curs-23-24","status":"publish","type":"post","link":"http:\/\/santaceciliadelgrao.com\/?p=3025","title":{"rendered":"Matr\u00edcula oberta curs 23-24"},"content":{"rendered":"\n<p><\/p>\n\n\n\n<p><\/p>\n\n\n\n<div class=\"wp-block-media-text alignwide is-stacked-on-mobile\"><figure class=\"wp-block-media-text__media\"><img loading=\"lazy\" decoding=\"async\" width=\"724\" height=\"1024\" src=\"http:\/\/santaceciliadelgrao.com\/wp-content\/uploads\/2023\/05\/WhatsApp-Image-2023-05-26-at-18.15.33-1-724x1024.jpeg\" alt=\"\" class=\"wp-image-3026 size-full\" srcset=\"http:\/\/santaceciliadelgrao.com\/wp-content\/uploads\/2023\/05\/WhatsApp-Image-2023-05-26-at-18.15.33-1-724x1024.jpeg 724w, http:\/\/santaceciliadelgrao.com\/wp-content\/uploads\/2023\/05\/WhatsApp-Image-2023-05-26-at-18.15.33-1-212x300.jpeg 212w, http:\/\/santaceciliadelgrao.com\/wp-content\/uploads\/2023\/05\/WhatsApp-Image-2023-05-26-at-18.15.33-1-768x1086.jpeg 768w, http:\/\/santaceciliadelgrao.com\/wp-content\/uploads\/2023\/05\/WhatsApp-Image-2023-05-26-at-18.15.33-1-1086x1536.jpeg 1086w, http:\/\/santaceciliadelgrao.com\/wp-content\/uploads\/2023\/05\/WhatsApp-Image-2023-05-26-at-18.15.33-1-1024x1449.jpeg 1024w, http:\/\/santaceciliadelgrao.com\/wp-content\/uploads\/2023\/05\/WhatsApp-Image-2023-05-26-at-18.15.33-1-763x1080.jpeg 763w, http:\/\/santaceciliadelgrao.com\/wp-content\/uploads\/2023\/05\/WhatsApp-Image-2023-05-26-at-18.15.33-1.jpeg 1131w\" sizes=\"auto, (max-width: 724px) 100vw, 724px\" \/><\/figure><div class=\"wp-block-media-text__content\">\n<p>A partir del dia 1 de juny obrim el per\u00edode de matriculaci\u00f3 per al curs vinent. <\/p>\n\n\n\n<p><br>\u2713 De l&#8217;1 al 15 de juny es pot matricular l&#8217;alumnat fins al 16 anys.<\/p>\n\n\n\n<p><br>\u2713 Del 16 al 30 de juny \u00e9s el torn per a l&#8217;alumnat major de 16 anys.<\/p>\n\n\n\n<p><br>Per a qualsevol consulta o informaci\u00f3, estem a la vostra disposici\u00f3 en la secretaria de l&#8217;escola i en els tel\u00e8fons que teniu en la infografia.<\/p>\n<\/div><\/div>\n","protected":false},"excerpt":{"rendered":"<p>A partir del dia 1 de juny obrim el per\u00edode de matriculaci\u00f3 per al curs vinent. \u2713 De l&#8217;1 al 15 de juny es pot matricular l&#8217;alumnat fins al 16 anys. \u2713 Del 16 al 30 de juny \u00e9s el torn per a l&#8217;alumnat major de 16 anys. Per a qualsevol consulta o informaci\u00f3, estem&hellip; <br \/> <a class=\"button small blue\" href=\"http:\/\/santaceciliadelgrao.com\/?p=3025\">Read more<\/a><\/p>\n","protected":false},"author":1,"featured_media":3027,"comment_status":"open","ping_status":"open","sticky":false,"template":"","format":"standard","meta":{"footnotes":""},"categories":[85],"tags":[32,34],"class_list":["post-3025","post","type-post","status-publish","format-standard","has-post-thumbnail","hentry","category-noticies","tag-escola","tag-matricula-ca"],"_links":{"self":[{"href":"http:\/\/santaceciliadelgrao.com\/index.php?rest_route=\/wp\/v2\/posts\/3025","targetHints":{"allow":["GET"]}}],"collection":[{"href":"http:\/\/santaceciliadelgrao.com\/index.php?rest_route=\/wp\/v2\/posts"}],"about":[{"href":"http:\/\/santaceciliadelgrao.com\/index.php?rest_route=\/wp\/v2\/types\/post"}],"author":[{"embeddable":true,"href":"http:\/\/santaceciliadelgrao.com\/index.php?rest_route=\/wp\/v2\/users\/1"}],"replies":[{"embeddable":true,"href":"http:\/\/santaceciliadelgrao.com\/index.php?rest_route=%2Fwp%2Fv2%2Fcomments&post=3025"}],"version-history":[{"count":1,"href":"http:\/\/santaceciliadelgrao.com\/index.php?rest_route=\/wp\/v2\/posts\/3025\/revisions"}],"predecessor-version":[{"id":3028,"href":"http:\/\/santaceciliadelgrao.com\/index.php?rest_route=\/wp\/v2\/posts\/3025\/revisions\/3028"}],"wp:featuredmedia":[{"embeddable":true,"href":"http:\/\/santaceciliadelgrao.com\/index.php?rest_route=\/wp\/v2\/media\/3027"}],"wp:attachment":[{"href":"http:\/\/santaceciliadelgrao.com\/index.php?rest_route=%2Fwp%2Fv2%2Fmedia&parent=3025"}],"wp:term":[{"taxonomy":"category","embeddable":true,"href":"http:\/\/santaceciliadelgrao.com\/index.php?rest_route=%2Fwp%2Fv2%2Fcategories&post=3025"},{"taxonomy":"post_tag","embeddable":true,"href":"http:\/\/santaceciliadelgrao.com\/index.php?rest_route=%2Fwp%2Fv2%2Ftags&post=3025"}],"curies":[{"name":"wp","href":"https:\/\/api.w.org\/{rel}","templated":true}]}}