{"id":2616,"date":"2022-12-17T09:24:03","date_gmt":"2022-12-17T09:24:03","guid":{"rendered":"http:\/\/santaceciliadelgrao.com\/?p=2616"},"modified":"2022-12-17T09:24:05","modified_gmt":"2022-12-17T09:24:05","slug":"17-y-18-de-diciembre-nuevas-citas-con-scg","status":"publish","type":"post","link":"http:\/\/santaceciliadelgrao.com\/?p=2616","title":{"rendered":"17 y 18 de diciembre: nuevas citas con SCG"},"content":{"rendered":"\n<div class=\"wp-block-media-text alignwide is-stacked-on-mobile\"><figure class=\"wp-block-media-text__media\"><img loading=\"lazy\" decoding=\"async\" width=\"1024\" height=\"1024\" src=\"http:\/\/santaceciliadelgrao.com\/wp-content\/uploads\/2022\/12\/Concierto-sabado-17-1024x1024.jpeg\" alt=\"\" class=\"wp-image-2612 size-full\" srcset=\"http:\/\/santaceciliadelgrao.com\/wp-content\/uploads\/2022\/12\/Concierto-sabado-17-1024x1024.jpeg 1024w, http:\/\/santaceciliadelgrao.com\/wp-content\/uploads\/2022\/12\/Concierto-sabado-17-300x300.jpeg 300w, http:\/\/santaceciliadelgrao.com\/wp-content\/uploads\/2022\/12\/Concierto-sabado-17-150x150.jpeg 150w, http:\/\/santaceciliadelgrao.com\/wp-content\/uploads\/2022\/12\/Concierto-sabado-17-768x768.jpeg 768w, http:\/\/santaceciliadelgrao.com\/wp-content\/uploads\/2022\/12\/Concierto-sabado-17.jpeg 1080w\" sizes=\"auto, (max-width: 1024px) 100vw, 1024px\" \/><\/figure><div class=\"wp-block-media-text__content\">\n<p>Esta tarde a las 20 h, os esperamos en la parroquia de San Mauro, donde ofreceremos el tradicional <strong>concierto de Navidad<\/strong>. Participar\u00e1 el coro de SCG, que interpretar\u00e1 una selecci\u00f3n de villancicos, y disfrutaremos con la actuaci\u00f3n de la banda titular.<\/p>\n\n\n\n<p>Os esperamos!<\/p>\n\n\n\n<p>Pero eso no es todo&#8230;<\/p>\n<\/div><\/div>\n\n\n\n<div class=\"wp-block-media-text alignwide has-media-on-the-right is-stacked-on-mobile\"><div class=\"wp-block-media-text__content\">\n<p>El domingo 18, a las 13 h, os invitamos a disfrutar de un <strong>concierto de m\u00fasica sacra <\/strong>en la parroquia de Nuestra Se\u00f1ora del Rosario. Ten\u00e9is toda la informaci\u00f3n en los carteles adjuntos.<\/p>\n\n\n\n<p>Vive la Navidad con SCG!<\/p>\n<\/div><figure class=\"wp-block-media-text__media\"><img loading=\"lazy\" decoding=\"async\" width=\"1024\" height=\"1024\" src=\"http:\/\/santaceciliadelgrao.com\/wp-content\/uploads\/2022\/12\/Concierto-domingo-18-1024x1024.jpeg\" alt=\"\" class=\"wp-image-2613 size-full\" srcset=\"http:\/\/santaceciliadelgrao.com\/wp-content\/uploads\/2022\/12\/Concierto-domingo-18-1024x1024.jpeg 1024w, http:\/\/santaceciliadelgrao.com\/wp-content\/uploads\/2022\/12\/Concierto-domingo-18-300x300.jpeg 300w, http:\/\/santaceciliadelgrao.com\/wp-content\/uploads\/2022\/12\/Concierto-domingo-18-150x150.jpeg 150w, http:\/\/santaceciliadelgrao.com\/wp-content\/uploads\/2022\/12\/Concierto-domingo-18-768x768.jpeg 768w, http:\/\/santaceciliadelgrao.com\/wp-content\/uploads\/2022\/12\/Concierto-domingo-18.jpeg 1080w\" sizes=\"auto, (max-width: 1024px) 100vw, 1024px\" \/><\/figure><\/div>\n","protected":false},"excerpt":{"rendered":"<p>Esta tarde a las 20 h, os esperamos en la parroquia de San Mauro, donde ofreceremos el tradicional concierto de Navidad. Participar\u00e1 el coro de SCG, que interpretar\u00e1 una selecci\u00f3n de villancicos, y disfrutaremos con la actuaci\u00f3n de la banda titular. Os esperamos! Pero eso no es todo&#8230; El domingo 18, a las 13 h,&hellip; <br \/> <a class=\"button small blue\" href=\"http:\/\/santaceciliadelgrao.com\/?p=2616\">Read more<\/a><\/p>\n","protected":false},"author":1,"featured_media":2614,"comment_status":"open","ping_status":"open","sticky":false,"template":"","format":"standard","meta":{"footnotes":""},"categories":[174],"tags":[245],"class_list":["post-2616","post","type-post","status-publish","format-standard","has-post-thumbnail","hentry","category-noticias","tag-navidad"],"_links":{"self":[{"href":"http:\/\/santaceciliadelgrao.com\/index.php?rest_route=\/wp\/v2\/posts\/2616","targetHints":{"allow":["GET"]}}],"collection":[{"href":"http:\/\/santaceciliadelgrao.com\/index.php?rest_route=\/wp\/v2\/posts"}],"about":[{"href":"http:\/\/santaceciliadelgrao.com\/index.php?rest_route=\/wp\/v2\/types\/post"}],"author":[{"embeddable":true,"href":"http:\/\/santaceciliadelgrao.com\/index.php?rest_route=\/wp\/v2\/users\/1"}],"replies":[{"embeddable":true,"href":"http:\/\/santaceciliadelgrao.com\/index.php?rest_route=%2Fwp%2Fv2%2Fcomments&post=2616"}],"version-history":[{"count":1,"href":"http:\/\/santaceciliadelgrao.com\/index.php?rest_route=\/wp\/v2\/posts\/2616\/revisions"}],"predecessor-version":[{"id":2617,"href":"http:\/\/santaceciliadelgrao.com\/index.php?rest_route=\/wp\/v2\/posts\/2616\/revisions\/2617"}],"wp:featuredmedia":[{"embeddable":true,"href":"http:\/\/santaceciliadelgrao.com\/index.php?rest_route=\/wp\/v2\/media\/2614"}],"wp:attachment":[{"href":"http:\/\/santaceciliadelgrao.com\/index.php?rest_route=%2Fwp%2Fv2%2Fmedia&parent=2616"}],"wp:term":[{"taxonomy":"category","embeddable":true,"href":"http:\/\/santaceciliadelgrao.com\/index.php?rest_route=%2Fwp%2Fv2%2Fcategories&post=2616"},{"taxonomy":"post_tag","embeddable":true,"href":"http:\/\/santaceciliadelgrao.com\/index.php?rest_route=%2Fwp%2Fv2%2Ftags&post=2616"}],"curies":[{"name":"wp","href":"https:\/\/api.w.org\/{rel}","templated":true}]}}