{"id":2611,"date":"2022-12-17T09:18:32","date_gmt":"2022-12-17T09:18:32","guid":{"rendered":"http:\/\/santaceciliadelgrao.com\/?p=2611"},"modified":"2022-12-17T09:24:42","modified_gmt":"2022-12-17T09:24:42","slug":"17-i-18-de-desembre-noves-cites-amb-scg","status":"publish","type":"post","link":"http:\/\/santaceciliadelgrao.com\/?p=2611","title":{"rendered":"17 i 18 de desembre: noves cites amb SCG"},"content":{"rendered":"\n<div class=\"wp-block-media-text alignwide is-stacked-on-mobile\"><figure class=\"wp-block-media-text__media\"><img loading=\"lazy\" decoding=\"async\" width=\"1024\" height=\"1024\" src=\"http:\/\/santaceciliadelgrao.com\/wp-content\/uploads\/2022\/12\/Concierto-sabado-17-1024x1024.jpeg\" alt=\"\" class=\"wp-image-2612 size-full\" srcset=\"http:\/\/santaceciliadelgrao.com\/wp-content\/uploads\/2022\/12\/Concierto-sabado-17-1024x1024.jpeg 1024w, http:\/\/santaceciliadelgrao.com\/wp-content\/uploads\/2022\/12\/Concierto-sabado-17-300x300.jpeg 300w, http:\/\/santaceciliadelgrao.com\/wp-content\/uploads\/2022\/12\/Concierto-sabado-17-150x150.jpeg 150w, http:\/\/santaceciliadelgrao.com\/wp-content\/uploads\/2022\/12\/Concierto-sabado-17-768x768.jpeg 768w, http:\/\/santaceciliadelgrao.com\/wp-content\/uploads\/2022\/12\/Concierto-sabado-17.jpeg 1080w\" sizes=\"auto, (max-width: 1024px) 100vw, 1024px\" \/><\/figure><div class=\"wp-block-media-text__content\">\n<p>Esta vesprada, 17 de desembre, a les 20 h, vos esperem en la parr\u00f2quia de Sant Maure, on oferirem el tradicional <strong>concert de Nadal<\/strong>, amb la participaci\u00f3 del cor de SCG, que interpretar\u00e0 una selecci\u00f3 de nadales, i l&#8217;actuaci\u00f3 de la banda titular.<\/p>\n\n\n\n<p>Vos hi esperem!<\/p>\n\n\n\n<p>Per\u00f2 aix\u00f2 no \u00e9s tot&#8230;<\/p>\n<\/div><\/div>\n\n\n\n<div class=\"wp-block-media-text alignwide has-media-on-the-right is-stacked-on-mobile\"><div class=\"wp-block-media-text__content\">\n<p>El diumenge 18, a les 13 h, vos convidem a disfrutar d&#8217;un <strong>concert de m\u00fasica sacra<\/strong> en la parr\u00f2quia de la Mare de D\u00e9u del Rosari. Teniu tota la informaci\u00f3 en els cartells adjunts.<\/p>\n\n\n\n<p>Gaudiu del Nadal amb SCG!<\/p>\n<\/div><figure class=\"wp-block-media-text__media\"><img loading=\"lazy\" decoding=\"async\" width=\"1024\" height=\"1024\" src=\"http:\/\/santaceciliadelgrao.com\/wp-content\/uploads\/2022\/12\/Concierto-domingo-18-1024x1024.jpeg\" alt=\"\" class=\"wp-image-2613 size-full\" srcset=\"http:\/\/santaceciliadelgrao.com\/wp-content\/uploads\/2022\/12\/Concierto-domingo-18-1024x1024.jpeg 1024w, http:\/\/santaceciliadelgrao.com\/wp-content\/uploads\/2022\/12\/Concierto-domingo-18-300x300.jpeg 300w, http:\/\/santaceciliadelgrao.com\/wp-content\/uploads\/2022\/12\/Concierto-domingo-18-150x150.jpeg 150w, http:\/\/santaceciliadelgrao.com\/wp-content\/uploads\/2022\/12\/Concierto-domingo-18-768x768.jpeg 768w, http:\/\/santaceciliadelgrao.com\/wp-content\/uploads\/2022\/12\/Concierto-domingo-18.jpeg 1080w\" sizes=\"auto, (max-width: 1024px) 100vw, 1024px\" \/><\/figure><\/div>\n","protected":false},"excerpt":{"rendered":"<p>Esta vesprada, 17 de desembre, a les 20 h, vos esperem en la parr\u00f2quia de Sant Maure, on oferirem el tradicional concert de Nadal, amb la participaci\u00f3 del cor de SCG, que interpretar\u00e0 una selecci\u00f3 de nadales, i l&#8217;actuaci\u00f3 de la banda titular. Vos hi esperem! Per\u00f2 aix\u00f2 no \u00e9s tot&#8230; El diumenge 18, a&hellip; <br \/> <a class=\"button small blue\" href=\"http:\/\/santaceciliadelgrao.com\/?p=2611\">Read more<\/a><\/p>\n","protected":false},"author":1,"featured_media":2614,"comment_status":"open","ping_status":"open","sticky":false,"template":"","format":"standard","meta":{"footnotes":""},"categories":[85],"tags":[89,90,88],"class_list":["post-2611","post","type-post","status-publish","format-standard","has-post-thumbnail","hentry","category-noticies","tag-concert","tag-cor","tag-nadal"],"_links":{"self":[{"href":"http:\/\/santaceciliadelgrao.com\/index.php?rest_route=\/wp\/v2\/posts\/2611","targetHints":{"allow":["GET"]}}],"collection":[{"href":"http:\/\/santaceciliadelgrao.com\/index.php?rest_route=\/wp\/v2\/posts"}],"about":[{"href":"http:\/\/santaceciliadelgrao.com\/index.php?rest_route=\/wp\/v2\/types\/post"}],"author":[{"embeddable":true,"href":"http:\/\/santaceciliadelgrao.com\/index.php?rest_route=\/wp\/v2\/users\/1"}],"replies":[{"embeddable":true,"href":"http:\/\/santaceciliadelgrao.com\/index.php?rest_route=%2Fwp%2Fv2%2Fcomments&post=2611"}],"version-history":[{"count":1,"href":"http:\/\/santaceciliadelgrao.com\/index.php?rest_route=\/wp\/v2\/posts\/2611\/revisions"}],"predecessor-version":[{"id":2615,"href":"http:\/\/santaceciliadelgrao.com\/index.php?rest_route=\/wp\/v2\/posts\/2611\/revisions\/2615"}],"wp:featuredmedia":[{"embeddable":true,"href":"http:\/\/santaceciliadelgrao.com\/index.php?rest_route=\/wp\/v2\/media\/2614"}],"wp:attachment":[{"href":"http:\/\/santaceciliadelgrao.com\/index.php?rest_route=%2Fwp%2Fv2%2Fmedia&parent=2611"}],"wp:term":[{"taxonomy":"category","embeddable":true,"href":"http:\/\/santaceciliadelgrao.com\/index.php?rest_route=%2Fwp%2Fv2%2Fcategories&post=2611"},{"taxonomy":"post_tag","embeddable":true,"href":"http:\/\/santaceciliadelgrao.com\/index.php?rest_route=%2Fwp%2Fv2%2Ftags&post=2611"}],"curies":[{"name":"wp","href":"https:\/\/api.w.org\/{rel}","templated":true}]}}