{"id":2607,"date":"2022-11-24T10:04:50","date_gmt":"2022-11-24T10:04:50","guid":{"rendered":"http:\/\/santaceciliadelgrao.com\/?p=2607"},"modified":"2022-11-24T10:04:52","modified_gmt":"2022-11-24T10:04:52","slug":"nuestras-agrupaciones-celebran-santa-cecilia","status":"publish","type":"post","link":"http:\/\/santaceciliadelgrao.com\/?p=2607","title":{"rendered":"Nuestras agrupaciones celebran Santa Cecilia"},"content":{"rendered":"\n<div class=\"wp-block-media-text alignwide is-stacked-on-mobile\"><figure class=\"wp-block-media-text__media\"><img loading=\"lazy\" decoding=\"async\" width=\"1024\" height=\"1024\" src=\"http:\/\/santaceciliadelgrao.com\/wp-content\/uploads\/2022\/11\/WhatsApp-Image-2022-11-23-at-20.57.28-1024x1024.jpeg\" alt=\"\" class=\"wp-image-2604 size-full\" srcset=\"http:\/\/santaceciliadelgrao.com\/wp-content\/uploads\/2022\/11\/WhatsApp-Image-2022-11-23-at-20.57.28-1024x1024.jpeg 1024w, http:\/\/santaceciliadelgrao.com\/wp-content\/uploads\/2022\/11\/WhatsApp-Image-2022-11-23-at-20.57.28-300x300.jpeg 300w, http:\/\/santaceciliadelgrao.com\/wp-content\/uploads\/2022\/11\/WhatsApp-Image-2022-11-23-at-20.57.28-150x150.jpeg 150w, http:\/\/santaceciliadelgrao.com\/wp-content\/uploads\/2022\/11\/WhatsApp-Image-2022-11-23-at-20.57.28-768x768.jpeg 768w, http:\/\/santaceciliadelgrao.com\/wp-content\/uploads\/2022\/11\/WhatsApp-Image-2022-11-23-at-20.57.28.jpeg 1080w\" sizes=\"auto, (max-width: 1024px) 100vw, 1024px\" \/><\/figure><div class=\"wp-block-media-text__content\">\n<p>Os invitamos este s\u00e1bado, a las ocho de la tarde, en la iglesia de San Mauro, a celebrar con nosotros el D\u00eda de la M\u00fasica. Participar\u00e1n el coro, la banda juvenil y la banda titular de SCG. Adem\u00e1s, se presentar\u00e1 a la musa 2022-23, los nuevos m\u00fasicos y m\u00fasicas que se incorporan a la banda titular y se har\u00e1 entrega de insignias y tambi\u00e9n de los premios de la 2a edici\u00f3n del concurso de dibujo organizado por la Comisi\u00f3n de Igualdad de SCG. <\/p>\n\n\n\n<p>\u00a1Os esperamos!<\/p>\n<\/div><\/div>\n","protected":false},"excerpt":{"rendered":"<p>Os invitamos este s\u00e1bado, a las ocho de la tarde, en la iglesia de San Mauro, a celebrar con nosotros el D\u00eda de la M\u00fasica. Participar\u00e1n el coro, la banda juvenil y la banda titular de SCG. Adem\u00e1s, se presentar\u00e1 a la musa 2022-23, los nuevos m\u00fasicos y m\u00fasicas que se incorporan a la banda&hellip; <br \/> <a class=\"button small blue\" href=\"http:\/\/santaceciliadelgrao.com\/?p=2607\">Read more<\/a><\/p>\n","protected":false},"author":1,"featured_media":2605,"comment_status":"open","ping_status":"open","sticky":false,"template":"","format":"standard","meta":{"footnotes":""},"categories":[174],"tags":[],"class_list":["post-2607","post","type-post","status-publish","format-standard","has-post-thumbnail","hentry","category-noticias"],"_links":{"self":[{"href":"http:\/\/santaceciliadelgrao.com\/index.php?rest_route=\/wp\/v2\/posts\/2607","targetHints":{"allow":["GET"]}}],"collection":[{"href":"http:\/\/santaceciliadelgrao.com\/index.php?rest_route=\/wp\/v2\/posts"}],"about":[{"href":"http:\/\/santaceciliadelgrao.com\/index.php?rest_route=\/wp\/v2\/types\/post"}],"author":[{"embeddable":true,"href":"http:\/\/santaceciliadelgrao.com\/index.php?rest_route=\/wp\/v2\/users\/1"}],"replies":[{"embeddable":true,"href":"http:\/\/santaceciliadelgrao.com\/index.php?rest_route=%2Fwp%2Fv2%2Fcomments&post=2607"}],"version-history":[{"count":1,"href":"http:\/\/santaceciliadelgrao.com\/index.php?rest_route=\/wp\/v2\/posts\/2607\/revisions"}],"predecessor-version":[{"id":2608,"href":"http:\/\/santaceciliadelgrao.com\/index.php?rest_route=\/wp\/v2\/posts\/2607\/revisions\/2608"}],"wp:featuredmedia":[{"embeddable":true,"href":"http:\/\/santaceciliadelgrao.com\/index.php?rest_route=\/wp\/v2\/media\/2605"}],"wp:attachment":[{"href":"http:\/\/santaceciliadelgrao.com\/index.php?rest_route=%2Fwp%2Fv2%2Fmedia&parent=2607"}],"wp:term":[{"taxonomy":"category","embeddable":true,"href":"http:\/\/santaceciliadelgrao.com\/index.php?rest_route=%2Fwp%2Fv2%2Fcategories&post=2607"},{"taxonomy":"post_tag","embeddable":true,"href":"http:\/\/santaceciliadelgrao.com\/index.php?rest_route=%2Fwp%2Fv2%2Ftags&post=2607"}],"curies":[{"name":"wp","href":"https:\/\/api.w.org\/{rel}","templated":true}]}}