{"id":1786,"date":"2022-08-31T08:17:59","date_gmt":"2022-08-31T08:17:59","guid":{"rendered":"http:\/\/santaceciliadelgrao.com\/?p=1786"},"modified":"2022-08-31T08:46:50","modified_gmt":"2022-08-31T08:46:50","slug":"todavia-estas-a-tiempo-de-matricularte","status":"publish","type":"post","link":"http:\/\/santaceciliadelgrao.com\/?p=1786","title":{"rendered":"Todav\u00eda est\u00e1s a tiempo de matricularte!"},"content":{"rendered":"\n<p>El 5 de septiembre abrimos un nuevo per\u00edodo de matr\u00edcula en la escuela. Clica en el bot\u00f3n azul para saber m\u00e1s.<\/p>\n\n\n\n<figure class=\"wp-block-image size-large\"><img loading=\"lazy\" decoding=\"async\" width=\"1024\" height=\"1024\" src=\"http:\/\/santaceciliadelgrao.com\/wp-content\/uploads\/2022\/08\/WhatsApp-Image-2022-08-30-at-18.32.25-1-1024x1024.jpeg\" alt=\"\" class=\"wp-image-1787\" srcset=\"http:\/\/santaceciliadelgrao.com\/wp-content\/uploads\/2022\/08\/WhatsApp-Image-2022-08-30-at-18.32.25-1-1024x1024.jpeg 1024w, http:\/\/santaceciliadelgrao.com\/wp-content\/uploads\/2022\/08\/WhatsApp-Image-2022-08-30-at-18.32.25-1-300x300.jpeg 300w, http:\/\/santaceciliadelgrao.com\/wp-content\/uploads\/2022\/08\/WhatsApp-Image-2022-08-30-at-18.32.25-1-150x150.jpeg 150w, http:\/\/santaceciliadelgrao.com\/wp-content\/uploads\/2022\/08\/WhatsApp-Image-2022-08-30-at-18.32.25-1-768x768.jpeg 768w, http:\/\/santaceciliadelgrao.com\/wp-content\/uploads\/2022\/08\/WhatsApp-Image-2022-08-30-at-18.32.25-1.jpeg 1080w\" sizes=\"auto, (max-width: 1024px) 100vw, 1024px\" \/><\/figure>\n","protected":false},"excerpt":{"rendered":"<p>El 5 de septiembre abrimos un nuevo per\u00edodo de matr\u00edcula en la escuela. Clica en el bot\u00f3n azul para saber m\u00e1s.<\/p>\n","protected":false},"author":1,"featured_media":1793,"comment_status":"open","ping_status":"open","sticky":false,"template":"","format":"standard","meta":{"footnotes":""},"categories":[174],"tags":[198,25,27],"class_list":["post-1786","post","type-post","status-publish","format-standard","has-post-thumbnail","hentry","category-noticias","tag-curso-22-23","tag-escuela","tag-matricula"],"_links":{"self":[{"href":"http:\/\/santaceciliadelgrao.com\/index.php?rest_route=\/wp\/v2\/posts\/1786","targetHints":{"allow":["GET"]}}],"collection":[{"href":"http:\/\/santaceciliadelgrao.com\/index.php?rest_route=\/wp\/v2\/posts"}],"about":[{"href":"http:\/\/santaceciliadelgrao.com\/index.php?rest_route=\/wp\/v2\/types\/post"}],"author":[{"embeddable":true,"href":"http:\/\/santaceciliadelgrao.com\/index.php?rest_route=\/wp\/v2\/users\/1"}],"replies":[{"embeddable":true,"href":"http:\/\/santaceciliadelgrao.com\/index.php?rest_route=%2Fwp%2Fv2%2Fcomments&post=1786"}],"version-history":[{"count":2,"href":"http:\/\/santaceciliadelgrao.com\/index.php?rest_route=\/wp\/v2\/posts\/1786\/revisions"}],"predecessor-version":[{"id":1797,"href":"http:\/\/santaceciliadelgrao.com\/index.php?rest_route=\/wp\/v2\/posts\/1786\/revisions\/1797"}],"wp:featuredmedia":[{"embeddable":true,"href":"http:\/\/santaceciliadelgrao.com\/index.php?rest_route=\/wp\/v2\/media\/1793"}],"wp:attachment":[{"href":"http:\/\/santaceciliadelgrao.com\/index.php?rest_route=%2Fwp%2Fv2%2Fmedia&parent=1786"}],"wp:term":[{"taxonomy":"category","embeddable":true,"href":"http:\/\/santaceciliadelgrao.com\/index.php?rest_route=%2Fwp%2Fv2%2Fcategories&post=1786"},{"taxonomy":"post_tag","embeddable":true,"href":"http:\/\/santaceciliadelgrao.com\/index.php?rest_route=%2Fwp%2Fv2%2Ftags&post=1786"}],"curies":[{"name":"wp","href":"https:\/\/api.w.org\/{rel}","templated":true}]}}