{"id":1776,"date":"2022-06-28T11:32:19","date_gmt":"2022-06-28T11:32:19","guid":{"rendered":"http:\/\/santaceciliadelgrao.com\/?p=1776"},"modified":"2022-06-28T11:32:21","modified_gmt":"2022-06-28T11:32:21","slug":"xxviii-festival-de-bandas-del-maritim","status":"publish","type":"post","link":"http:\/\/santaceciliadelgrao.com\/?p=1776","title":{"rendered":"XXVIII Festival de Bandas del Mar\u00edtim"},"content":{"rendered":"\n<p>Este s\u00e1bado 2 de julio os esperamos en el tinglado n\u00fam. 2 del Puerto de Val\u00e8ncia para disfrutar de una tarde llena de m\u00fasica. Las cinco agrupaci\u00f3nes musicales del Mar\u00edtim nos ofrecer\u00e1n un concierto-festival tem\u00e1tico con obras del maestro Hugo Chinesta. Os dejamos toda la informaci\u00f3n y el programa a continuaci\u00f3n. <\/p>\n\n\n\n<div class=\"wp-block-columns is-layout-flex wp-container-core-columns-is-layout-9d6595d7 wp-block-columns-is-layout-flex\">\n<div class=\"wp-block-column is-layout-flow wp-block-column-is-layout-flow\">\n<figure class=\"wp-block-image size-large\"><img loading=\"lazy\" decoding=\"async\" width=\"731\" height=\"1024\" src=\"http:\/\/santaceciliadelgrao.com\/wp-content\/uploads\/2022\/06\/20105-folletoFestBandaPrueba6Web-1_page-0001-1-731x1024.jpg\" alt=\"\" class=\"wp-image-1777\" srcset=\"http:\/\/santaceciliadelgrao.com\/wp-content\/uploads\/2022\/06\/20105-folletoFestBandaPrueba6Web-1_page-0001-1-731x1024.jpg 731w, http:\/\/santaceciliadelgrao.com\/wp-content\/uploads\/2022\/06\/20105-folletoFestBandaPrueba6Web-1_page-0001-1-214x300.jpg 214w, http:\/\/santaceciliadelgrao.com\/wp-content\/uploads\/2022\/06\/20105-folletoFestBandaPrueba6Web-1_page-0001-1-768x1076.jpg 768w, http:\/\/santaceciliadelgrao.com\/wp-content\/uploads\/2022\/06\/20105-folletoFestBandaPrueba6Web-1_page-0001-1-771x1080.jpg 771w, http:\/\/santaceciliadelgrao.com\/wp-content\/uploads\/2022\/06\/20105-folletoFestBandaPrueba6Web-1_page-0001-1.jpg 886w\" sizes=\"auto, (max-width: 731px) 100vw, 731px\" \/><\/figure>\n<\/div>\n\n\n\n<div class=\"wp-block-column is-layout-flow wp-block-column-is-layout-flow\">\n<figure class=\"wp-block-image size-large\"><img loading=\"lazy\" decoding=\"async\" width=\"731\" height=\"1024\" src=\"http:\/\/santaceciliadelgrao.com\/wp-content\/uploads\/2022\/06\/20105-folletoFestBandaPrueba6Web-1_page-0002-1-731x1024.jpg\" alt=\"\" class=\"wp-image-1778\" srcset=\"http:\/\/santaceciliadelgrao.com\/wp-content\/uploads\/2022\/06\/20105-folletoFestBandaPrueba6Web-1_page-0002-1-731x1024.jpg 731w, http:\/\/santaceciliadelgrao.com\/wp-content\/uploads\/2022\/06\/20105-folletoFestBandaPrueba6Web-1_page-0002-1-214x300.jpg 214w, http:\/\/santaceciliadelgrao.com\/wp-content\/uploads\/2022\/06\/20105-folletoFestBandaPrueba6Web-1_page-0002-1-768x1076.jpg 768w, http:\/\/santaceciliadelgrao.com\/wp-content\/uploads\/2022\/06\/20105-folletoFestBandaPrueba6Web-1_page-0002-1-771x1080.jpg 771w, http:\/\/santaceciliadelgrao.com\/wp-content\/uploads\/2022\/06\/20105-folletoFestBandaPrueba6Web-1_page-0002-1.jpg 886w\" sizes=\"auto, (max-width: 731px) 100vw, 731px\" \/><\/figure>\n<\/div>\n<\/div>\n\n\n\n<div class=\"wp-block-columns is-layout-flex wp-container-core-columns-is-layout-9d6595d7 wp-block-columns-is-layout-flex\">\n<div class=\"wp-block-column is-layout-flow wp-block-column-is-layout-flow\">\n<figure class=\"wp-block-image size-large\"><img loading=\"lazy\" decoding=\"async\" width=\"731\" height=\"1024\" src=\"http:\/\/santaceciliadelgrao.com\/wp-content\/uploads\/2022\/06\/20105-folletoFestBandaPrueba6Web-1_page-0003-1-731x1024.jpg\" alt=\"\" class=\"wp-image-1779\" srcset=\"http:\/\/santaceciliadelgrao.com\/wp-content\/uploads\/2022\/06\/20105-folletoFestBandaPrueba6Web-1_page-0003-1-731x1024.jpg 731w, http:\/\/santaceciliadelgrao.com\/wp-content\/uploads\/2022\/06\/20105-folletoFestBandaPrueba6Web-1_page-0003-1-214x300.jpg 214w, http:\/\/santaceciliadelgrao.com\/wp-content\/uploads\/2022\/06\/20105-folletoFestBandaPrueba6Web-1_page-0003-1-768x1076.jpg 768w, http:\/\/santaceciliadelgrao.com\/wp-content\/uploads\/2022\/06\/20105-folletoFestBandaPrueba6Web-1_page-0003-1-771x1080.jpg 771w, http:\/\/santaceciliadelgrao.com\/wp-content\/uploads\/2022\/06\/20105-folletoFestBandaPrueba6Web-1_page-0003-1.jpg 886w\" sizes=\"auto, (max-width: 731px) 100vw, 731px\" \/><\/figure>\n<\/div>\n\n\n\n<div class=\"wp-block-column is-layout-flow wp-block-column-is-layout-flow\">\n<figure class=\"wp-block-image size-large\"><img loading=\"lazy\" decoding=\"async\" width=\"731\" height=\"1024\" src=\"http:\/\/santaceciliadelgrao.com\/wp-content\/uploads\/2022\/06\/20105-folletoFestBandaPrueba6Web-1_page-0004-1-731x1024.jpg\" alt=\"\" class=\"wp-image-1780\" srcset=\"http:\/\/santaceciliadelgrao.com\/wp-content\/uploads\/2022\/06\/20105-folletoFestBandaPrueba6Web-1_page-0004-1-731x1024.jpg 731w, http:\/\/santaceciliadelgrao.com\/wp-content\/uploads\/2022\/06\/20105-folletoFestBandaPrueba6Web-1_page-0004-1-214x300.jpg 214w, http:\/\/santaceciliadelgrao.com\/wp-content\/uploads\/2022\/06\/20105-folletoFestBandaPrueba6Web-1_page-0004-1-768x1076.jpg 768w, http:\/\/santaceciliadelgrao.com\/wp-content\/uploads\/2022\/06\/20105-folletoFestBandaPrueba6Web-1_page-0004-1-771x1080.jpg 771w, http:\/\/santaceciliadelgrao.com\/wp-content\/uploads\/2022\/06\/20105-folletoFestBandaPrueba6Web-1_page-0004-1.jpg 886w\" sizes=\"auto, (max-width: 731px) 100vw, 731px\" \/><\/figure>\n<\/div>\n<\/div>\n","protected":false},"excerpt":{"rendered":"<p>Este s\u00e1bado 2 de julio os esperamos en el tinglado n\u00fam. 2 del Puerto de Val\u00e8ncia para disfrutar de una tarde llena de m\u00fasica. Las cinco agrupaci\u00f3nes musicales del Mar\u00edtim nos ofrecer\u00e1n un concierto-festival tem\u00e1tico con obras del maestro Hugo Chinesta. Os dejamos toda la informaci\u00f3n y el programa a continuaci\u00f3n.<\/p>\n","protected":false},"author":1,"featured_media":1768,"comment_status":"open","ping_status":"open","sticky":false,"template":"","format":"standard","meta":{"footnotes":""},"categories":[174],"tags":[],"class_list":["post-1776","post","type-post","status-publish","format-standard","has-post-thumbnail","hentry","category-noticias"],"_links":{"self":[{"href":"http:\/\/santaceciliadelgrao.com\/index.php?rest_route=\/wp\/v2\/posts\/1776","targetHints":{"allow":["GET"]}}],"collection":[{"href":"http:\/\/santaceciliadelgrao.com\/index.php?rest_route=\/wp\/v2\/posts"}],"about":[{"href":"http:\/\/santaceciliadelgrao.com\/index.php?rest_route=\/wp\/v2\/types\/post"}],"author":[{"embeddable":true,"href":"http:\/\/santaceciliadelgrao.com\/index.php?rest_route=\/wp\/v2\/users\/1"}],"replies":[{"embeddable":true,"href":"http:\/\/santaceciliadelgrao.com\/index.php?rest_route=%2Fwp%2Fv2%2Fcomments&post=1776"}],"version-history":[{"count":1,"href":"http:\/\/santaceciliadelgrao.com\/index.php?rest_route=\/wp\/v2\/posts\/1776\/revisions"}],"predecessor-version":[{"id":1781,"href":"http:\/\/santaceciliadelgrao.com\/index.php?rest_route=\/wp\/v2\/posts\/1776\/revisions\/1781"}],"wp:featuredmedia":[{"embeddable":true,"href":"http:\/\/santaceciliadelgrao.com\/index.php?rest_route=\/wp\/v2\/media\/1768"}],"wp:attachment":[{"href":"http:\/\/santaceciliadelgrao.com\/index.php?rest_route=%2Fwp%2Fv2%2Fmedia&parent=1776"}],"wp:term":[{"taxonomy":"category","embeddable":true,"href":"http:\/\/santaceciliadelgrao.com\/index.php?rest_route=%2Fwp%2Fv2%2Fcategories&post=1776"},{"taxonomy":"post_tag","embeddable":true,"href":"http:\/\/santaceciliadelgrao.com\/index.php?rest_route=%2Fwp%2Fv2%2Ftags&post=1776"}],"curies":[{"name":"wp","href":"https:\/\/api.w.org\/{rel}","templated":true}]}}