{"id":1767,"date":"2022-06-28T11:26:41","date_gmt":"2022-06-28T11:26:41","guid":{"rendered":"http:\/\/santaceciliadelgrao.com\/?p=1767"},"modified":"2022-06-28T11:26:43","modified_gmt":"2022-06-28T11:26:43","slug":"xxviii-festival-de-bandes-del-maritim","status":"publish","type":"post","link":"http:\/\/santaceciliadelgrao.com\/?p=1767","title":{"rendered":"XXVIII Festival de Bandes del Mar\u00edtim"},"content":{"rendered":"\n<p>Este dissabte 2 de juliol vos esperem al magatzem n\u00fam. 2 del Port de Val\u00e8ncia per a gaudir d&#8217;una vesprada plena de m\u00fasica. Les cinc agrupacions musicals del Mar\u00edtim ens oferiran un concert-festival tem\u00e0tic amb obres del mestre Hugo Chinesta. Vos deixem tota la informaci\u00f3 i el programa ac\u00ed davall.<\/p>\n\n\n\n<div class=\"wp-block-columns is-layout-flex wp-container-core-columns-is-layout-9d6595d7 wp-block-columns-is-layout-flex\">\n<div class=\"wp-block-column is-layout-flow wp-block-column-is-layout-flow\">\n<figure class=\"wp-block-image size-large\"><img loading=\"lazy\" decoding=\"async\" width=\"731\" height=\"1024\" src=\"http:\/\/santaceciliadelgrao.com\/wp-content\/uploads\/2022\/06\/20105-folletoFestBandaPrueba6Web-1_page-0001-731x1024.jpg\" alt=\"\" class=\"wp-image-1770\" srcset=\"http:\/\/santaceciliadelgrao.com\/wp-content\/uploads\/2022\/06\/20105-folletoFestBandaPrueba6Web-1_page-0001-731x1024.jpg 731w, http:\/\/santaceciliadelgrao.com\/wp-content\/uploads\/2022\/06\/20105-folletoFestBandaPrueba6Web-1_page-0001-214x300.jpg 214w, http:\/\/santaceciliadelgrao.com\/wp-content\/uploads\/2022\/06\/20105-folletoFestBandaPrueba6Web-1_page-0001-768x1076.jpg 768w, http:\/\/santaceciliadelgrao.com\/wp-content\/uploads\/2022\/06\/20105-folletoFestBandaPrueba6Web-1_page-0001-771x1080.jpg 771w, http:\/\/santaceciliadelgrao.com\/wp-content\/uploads\/2022\/06\/20105-folletoFestBandaPrueba6Web-1_page-0001.jpg 886w\" sizes=\"auto, (max-width: 731px) 100vw, 731px\" \/><\/figure>\n<\/div>\n\n\n\n<div class=\"wp-block-column is-layout-flow wp-block-column-is-layout-flow\">\n<figure class=\"wp-block-image size-large\"><img loading=\"lazy\" decoding=\"async\" width=\"731\" height=\"1024\" src=\"http:\/\/santaceciliadelgrao.com\/wp-content\/uploads\/2022\/06\/20105-folletoFestBandaPrueba6Web-1_page-0002-731x1024.jpg\" alt=\"\" class=\"wp-image-1771\" srcset=\"http:\/\/santaceciliadelgrao.com\/wp-content\/uploads\/2022\/06\/20105-folletoFestBandaPrueba6Web-1_page-0002-731x1024.jpg 731w, http:\/\/santaceciliadelgrao.com\/wp-content\/uploads\/2022\/06\/20105-folletoFestBandaPrueba6Web-1_page-0002-214x300.jpg 214w, http:\/\/santaceciliadelgrao.com\/wp-content\/uploads\/2022\/06\/20105-folletoFestBandaPrueba6Web-1_page-0002-768x1076.jpg 768w, http:\/\/santaceciliadelgrao.com\/wp-content\/uploads\/2022\/06\/20105-folletoFestBandaPrueba6Web-1_page-0002-771x1080.jpg 771w, http:\/\/santaceciliadelgrao.com\/wp-content\/uploads\/2022\/06\/20105-folletoFestBandaPrueba6Web-1_page-0002.jpg 886w\" sizes=\"auto, (max-width: 731px) 100vw, 731px\" \/><\/figure>\n<\/div>\n<\/div>\n\n\n\n<div class=\"wp-block-columns is-layout-flex wp-container-core-columns-is-layout-9d6595d7 wp-block-columns-is-layout-flex\">\n<div class=\"wp-block-column is-layout-flow wp-block-column-is-layout-flow\">\n<figure class=\"wp-block-image size-large\"><img loading=\"lazy\" decoding=\"async\" width=\"731\" height=\"1024\" src=\"http:\/\/santaceciliadelgrao.com\/wp-content\/uploads\/2022\/06\/20105-folletoFestBandaPrueba6Web-1_page-0003-731x1024.jpg\" alt=\"\" class=\"wp-image-1772\" srcset=\"http:\/\/santaceciliadelgrao.com\/wp-content\/uploads\/2022\/06\/20105-folletoFestBandaPrueba6Web-1_page-0003-731x1024.jpg 731w, http:\/\/santaceciliadelgrao.com\/wp-content\/uploads\/2022\/06\/20105-folletoFestBandaPrueba6Web-1_page-0003-214x300.jpg 214w, http:\/\/santaceciliadelgrao.com\/wp-content\/uploads\/2022\/06\/20105-folletoFestBandaPrueba6Web-1_page-0003-768x1076.jpg 768w, http:\/\/santaceciliadelgrao.com\/wp-content\/uploads\/2022\/06\/20105-folletoFestBandaPrueba6Web-1_page-0003-771x1080.jpg 771w, http:\/\/santaceciliadelgrao.com\/wp-content\/uploads\/2022\/06\/20105-folletoFestBandaPrueba6Web-1_page-0003.jpg 886w\" sizes=\"auto, (max-width: 731px) 100vw, 731px\" \/><\/figure>\n<\/div>\n\n\n\n<div class=\"wp-block-column is-layout-flow wp-block-column-is-layout-flow\">\n<figure class=\"wp-block-image size-large\"><img loading=\"lazy\" decoding=\"async\" width=\"731\" height=\"1024\" src=\"http:\/\/santaceciliadelgrao.com\/wp-content\/uploads\/2022\/06\/20105-folletoFestBandaPrueba6Web-1_page-0004-731x1024.jpg\" alt=\"\" class=\"wp-image-1773\" srcset=\"http:\/\/santaceciliadelgrao.com\/wp-content\/uploads\/2022\/06\/20105-folletoFestBandaPrueba6Web-1_page-0004-731x1024.jpg 731w, http:\/\/santaceciliadelgrao.com\/wp-content\/uploads\/2022\/06\/20105-folletoFestBandaPrueba6Web-1_page-0004-214x300.jpg 214w, http:\/\/santaceciliadelgrao.com\/wp-content\/uploads\/2022\/06\/20105-folletoFestBandaPrueba6Web-1_page-0004-768x1076.jpg 768w, http:\/\/santaceciliadelgrao.com\/wp-content\/uploads\/2022\/06\/20105-folletoFestBandaPrueba6Web-1_page-0004-771x1080.jpg 771w, http:\/\/santaceciliadelgrao.com\/wp-content\/uploads\/2022\/06\/20105-folletoFestBandaPrueba6Web-1_page-0004.jpg 886w\" sizes=\"auto, (max-width: 731px) 100vw, 731px\" \/><\/figure>\n<\/div>\n<\/div>\n","protected":false},"excerpt":{"rendered":"<p>Este dissabte 2 de juliol vos esperem al magatzem n\u00fam. 2 del Port de Val\u00e8ncia per a gaudir d&#8217;una vesprada plena de m\u00fasica. Les cinc agrupacions musicals del Mar\u00edtim ens oferiran un concert-festival tem\u00e0tic amb obres del mestre Hugo Chinesta. Vos deixem tota la informaci\u00f3 i el programa ac\u00ed davall.<\/p>\n","protected":false},"author":1,"featured_media":1768,"comment_status":"open","ping_status":"open","sticky":false,"template":"","format":"standard","meta":{"footnotes":""},"categories":[85],"tags":[96,89,105],"class_list":["post-1767","post","type-post","status-publish","format-standard","has-post-thumbnail","hentry","category-noticies","tag-banda-simfonica","tag-concert","tag-festival"],"_links":{"self":[{"href":"http:\/\/santaceciliadelgrao.com\/index.php?rest_route=\/wp\/v2\/posts\/1767","targetHints":{"allow":["GET"]}}],"collection":[{"href":"http:\/\/santaceciliadelgrao.com\/index.php?rest_route=\/wp\/v2\/posts"}],"about":[{"href":"http:\/\/santaceciliadelgrao.com\/index.php?rest_route=\/wp\/v2\/types\/post"}],"author":[{"embeddable":true,"href":"http:\/\/santaceciliadelgrao.com\/index.php?rest_route=\/wp\/v2\/users\/1"}],"replies":[{"embeddable":true,"href":"http:\/\/santaceciliadelgrao.com\/index.php?rest_route=%2Fwp%2Fv2%2Fcomments&post=1767"}],"version-history":[{"count":2,"href":"http:\/\/santaceciliadelgrao.com\/index.php?rest_route=\/wp\/v2\/posts\/1767\/revisions"}],"predecessor-version":[{"id":1775,"href":"http:\/\/santaceciliadelgrao.com\/index.php?rest_route=\/wp\/v2\/posts\/1767\/revisions\/1775"}],"wp:featuredmedia":[{"embeddable":true,"href":"http:\/\/santaceciliadelgrao.com\/index.php?rest_route=\/wp\/v2\/media\/1768"}],"wp:attachment":[{"href":"http:\/\/santaceciliadelgrao.com\/index.php?rest_route=%2Fwp%2Fv2%2Fmedia&parent=1767"}],"wp:term":[{"taxonomy":"category","embeddable":true,"href":"http:\/\/santaceciliadelgrao.com\/index.php?rest_route=%2Fwp%2Fv2%2Fcategories&post=1767"},{"taxonomy":"post_tag","embeddable":true,"href":"http:\/\/santaceciliadelgrao.com\/index.php?rest_route=%2Fwp%2Fv2%2Ftags&post=1767"}],"curies":[{"name":"wp","href":"https:\/\/api.w.org\/{rel}","templated":true}]}}