{"id":1732,"date":"2022-06-22T11:54:44","date_gmt":"2022-06-22T11:54:44","guid":{"rendered":"http:\/\/santaceciliadelgrao.com\/?p=1732"},"modified":"2022-08-31T08:42:42","modified_gmt":"2022-08-31T08:42:42","slug":"abierta-la-inscripcion-en-el-coro-de-scg","status":"publish","type":"post","link":"http:\/\/santaceciliadelgrao.com\/?p=1732","title":{"rendered":"Abierta la inscripci\u00f3n en el coro de SCG"},"content":{"rendered":"\n<p>Os anunciamos que est\u00e1 abierta la inscripci\u00f3n para formar parte de la coral de nuestra escuela, donde podr\u00e9is disfrutar de la m\u00fasica en grupo y aprender much\u00edsimo dos d\u00edas a la semana. <\/p>\n\n\n<div class=\"wp-block-image\">\n<figure class=\"aligncenter size-full is-resized\"><img loading=\"lazy\" decoding=\"async\" src=\"http:\/\/santaceciliadelgrao.com\/wp-content\/uploads\/2022\/06\/Captura89-1.png\" alt=\"\" class=\"wp-image-1734\" width=\"363\" height=\"468\" srcset=\"http:\/\/santaceciliadelgrao.com\/wp-content\/uploads\/2022\/06\/Captura89-1.png 726w, http:\/\/santaceciliadelgrao.com\/wp-content\/uploads\/2022\/06\/Captura89-1-233x300.png 233w\" sizes=\"auto, (max-width: 363px) 100vw, 363px\" \/><\/figure>\n<\/div>","protected":false},"excerpt":{"rendered":"<p>Os anunciamos que est\u00e1 abierta la inscripci\u00f3n para formar parte de la coral de nuestra escuela, donde podr\u00e9is disfrutar de la m\u00fasica en grupo y aprender much\u00edsimo dos d\u00edas a la semana.<\/p>\n","protected":false},"author":1,"featured_media":1730,"comment_status":"open","ping_status":"open","sticky":false,"template":"","format":"standard","meta":{"footnotes":""},"categories":[174],"tags":[],"class_list":["post-1732","post","type-post","status-publish","format-standard","has-post-thumbnail","hentry","category-noticias"],"_links":{"self":[{"href":"http:\/\/santaceciliadelgrao.com\/index.php?rest_route=\/wp\/v2\/posts\/1732","targetHints":{"allow":["GET"]}}],"collection":[{"href":"http:\/\/santaceciliadelgrao.com\/index.php?rest_route=\/wp\/v2\/posts"}],"about":[{"href":"http:\/\/santaceciliadelgrao.com\/index.php?rest_route=\/wp\/v2\/types\/post"}],"author":[{"embeddable":true,"href":"http:\/\/santaceciliadelgrao.com\/index.php?rest_route=\/wp\/v2\/users\/1"}],"replies":[{"embeddable":true,"href":"http:\/\/santaceciliadelgrao.com\/index.php?rest_route=%2Fwp%2Fv2%2Fcomments&post=1732"}],"version-history":[{"count":4,"href":"http:\/\/santaceciliadelgrao.com\/index.php?rest_route=\/wp\/v2\/posts\/1732\/revisions"}],"predecessor-version":[{"id":1794,"href":"http:\/\/santaceciliadelgrao.com\/index.php?rest_route=\/wp\/v2\/posts\/1732\/revisions\/1794"}],"wp:featuredmedia":[{"embeddable":true,"href":"http:\/\/santaceciliadelgrao.com\/index.php?rest_route=\/wp\/v2\/media\/1730"}],"wp:attachment":[{"href":"http:\/\/santaceciliadelgrao.com\/index.php?rest_route=%2Fwp%2Fv2%2Fmedia&parent=1732"}],"wp:term":[{"taxonomy":"category","embeddable":true,"href":"http:\/\/santaceciliadelgrao.com\/index.php?rest_route=%2Fwp%2Fv2%2Fcategories&post=1732"},{"taxonomy":"post_tag","embeddable":true,"href":"http:\/\/santaceciliadelgrao.com\/index.php?rest_route=%2Fwp%2Fv2%2Ftags&post=1732"}],"curies":[{"name":"wp","href":"https:\/\/api.w.org\/{rel}","templated":true}]}}