{"id":1728,"date":"2022-06-22T11:53:41","date_gmt":"2022-06-22T11:53:41","guid":{"rendered":"http:\/\/santaceciliadelgrao.com\/?p=1728"},"modified":"2022-06-22T11:53:43","modified_gmt":"2022-06-22T11:53:43","slug":"oberta-la-inscripcio-en-el-cor-de-scg","status":"publish","type":"post","link":"http:\/\/santaceciliadelgrao.com\/?p=1728","title":{"rendered":"Oberta la inscripci\u00f3 en el cor de SCG"},"content":{"rendered":"\n<p>Volem anunciar-vos que est\u00e0 oberta la inscripci\u00f3 per a formar part de la coral de la nostra escola, on podreu gaudir de la m\u00fasica en grup i aprendre molt\u00edssim dos dies a la setmana.<\/p>\n\n\n<div class=\"wp-block-image\">\n<figure class=\"aligncenter size-full is-resized\"><img loading=\"lazy\" decoding=\"async\" src=\"http:\/\/santaceciliadelgrao.com\/wp-content\/uploads\/2022\/06\/Captura89.png\" alt=\"\" class=\"wp-image-1729\" width=\"363\" height=\"468\" srcset=\"http:\/\/santaceciliadelgrao.com\/wp-content\/uploads\/2022\/06\/Captura89.png 726w, http:\/\/santaceciliadelgrao.com\/wp-content\/uploads\/2022\/06\/Captura89-233x300.png 233w\" sizes=\"auto, (max-width: 363px) 100vw, 363px\" \/><\/figure>\n<\/div>","protected":false},"excerpt":{"rendered":"<p>Volem anunciar-vos que est\u00e0 oberta la inscripci\u00f3 per a formar part de la coral de la nostra escola, on podreu gaudir de la m\u00fasica en grup i aprendre molt\u00edssim dos dies a la setmana.<\/p>\n","protected":false},"author":1,"featured_media":1730,"comment_status":"open","ping_status":"open","sticky":false,"template":"","format":"standard","meta":{"footnotes":""},"categories":[85],"tags":[90,32],"class_list":["post-1728","post","type-post","status-publish","format-standard","has-post-thumbnail","hentry","category-noticies","tag-cor","tag-escola"],"_links":{"self":[{"href":"http:\/\/santaceciliadelgrao.com\/index.php?rest_route=\/wp\/v2\/posts\/1728","targetHints":{"allow":["GET"]}}],"collection":[{"href":"http:\/\/santaceciliadelgrao.com\/index.php?rest_route=\/wp\/v2\/posts"}],"about":[{"href":"http:\/\/santaceciliadelgrao.com\/index.php?rest_route=\/wp\/v2\/types\/post"}],"author":[{"embeddable":true,"href":"http:\/\/santaceciliadelgrao.com\/index.php?rest_route=\/wp\/v2\/users\/1"}],"replies":[{"embeddable":true,"href":"http:\/\/santaceciliadelgrao.com\/index.php?rest_route=%2Fwp%2Fv2%2Fcomments&post=1728"}],"version-history":[{"count":1,"href":"http:\/\/santaceciliadelgrao.com\/index.php?rest_route=\/wp\/v2\/posts\/1728\/revisions"}],"predecessor-version":[{"id":1731,"href":"http:\/\/santaceciliadelgrao.com\/index.php?rest_route=\/wp\/v2\/posts\/1728\/revisions\/1731"}],"wp:featuredmedia":[{"embeddable":true,"href":"http:\/\/santaceciliadelgrao.com\/index.php?rest_route=\/wp\/v2\/media\/1730"}],"wp:attachment":[{"href":"http:\/\/santaceciliadelgrao.com\/index.php?rest_route=%2Fwp%2Fv2%2Fmedia&parent=1728"}],"wp:term":[{"taxonomy":"category","embeddable":true,"href":"http:\/\/santaceciliadelgrao.com\/index.php?rest_route=%2Fwp%2Fv2%2Fcategories&post=1728"},{"taxonomy":"post_tag","embeddable":true,"href":"http:\/\/santaceciliadelgrao.com\/index.php?rest_route=%2Fwp%2Fv2%2Ftags&post=1728"}],"curies":[{"name":"wp","href":"https:\/\/api.w.org\/{rel}","templated":true}]}}