{"id":1591,"date":"2022-06-03T17:21:51","date_gmt":"2022-06-03T17:21:51","guid":{"rendered":"http:\/\/santaceciliadelgrao.com\/?p=1591"},"modified":"2022-06-03T17:21:53","modified_gmt":"2022-06-03T17:21:53","slug":"ja-esta-oberta-la-matricula-en-lescola-de-musica-de-scg","status":"publish","type":"post","link":"http:\/\/santaceciliadelgrao.com\/?p=1591","title":{"rendered":"Ja est\u00e0 oberta la matr\u00edcula en l&#8217;escola de m\u00fasica de SCG"},"content":{"rendered":"\n<div class=\"wp-block-media-text alignwide is-stacked-on-mobile\"><figure class=\"wp-block-media-text__media\"><img loading=\"lazy\" decoding=\"async\" width=\"724\" height=\"1024\" src=\"http:\/\/santaceciliadelgrao.com\/wp-content\/uploads\/2022\/06\/WhatsApp-Image-2022-05-28-at-19.54.03-724x1024.jpeg\" alt=\"\" class=\"wp-image-1592 size-full\" srcset=\"http:\/\/santaceciliadelgrao.com\/wp-content\/uploads\/2022\/06\/WhatsApp-Image-2022-05-28-at-19.54.03-724x1024.jpeg 724w, http:\/\/santaceciliadelgrao.com\/wp-content\/uploads\/2022\/06\/WhatsApp-Image-2022-05-28-at-19.54.03-212x300.jpeg 212w, http:\/\/santaceciliadelgrao.com\/wp-content\/uploads\/2022\/06\/WhatsApp-Image-2022-05-28-at-19.54.03-768x1086.jpeg 768w, http:\/\/santaceciliadelgrao.com\/wp-content\/uploads\/2022\/06\/WhatsApp-Image-2022-05-28-at-19.54.03-1086x1536.jpeg 1086w, http:\/\/santaceciliadelgrao.com\/wp-content\/uploads\/2022\/06\/WhatsApp-Image-2022-05-28-at-19.54.03-1024x1449.jpeg 1024w, http:\/\/santaceciliadelgrao.com\/wp-content\/uploads\/2022\/06\/WhatsApp-Image-2022-05-28-at-19.54.03-763x1080.jpeg 763w, http:\/\/santaceciliadelgrao.com\/wp-content\/uploads\/2022\/06\/WhatsApp-Image-2022-05-28-at-19.54.03.jpeg 1131w\" sizes=\"auto, (max-width: 724px) 100vw, 724px\" \/><\/figure><div class=\"wp-block-media-text__content\">\n<p class=\"has-large-font-size\">Des del 30 de maig pots acostar-te a la secretaria de la nostra escola i informar-te de totes les activitats en qu\u00e8 pots matricular-te.<\/p>\n<\/div><\/div>\n","protected":false},"excerpt":{"rendered":"<p>Des del 30 de maig pots acostar-te a la secretaria de la nostra escola i informar-te de totes les activitats en qu\u00e8 pots matricular-te.<\/p>\n","protected":false},"author":1,"featured_media":0,"comment_status":"open","ping_status":"open","sticky":false,"template":"","format":"standard","meta":{"footnotes":""},"categories":[85],"tags":[32,34],"class_list":["post-1591","post","type-post","status-publish","format-standard","hentry","category-noticies","tag-escola","tag-matricula-ca"],"_links":{"self":[{"href":"http:\/\/santaceciliadelgrao.com\/index.php?rest_route=\/wp\/v2\/posts\/1591","targetHints":{"allow":["GET"]}}],"collection":[{"href":"http:\/\/santaceciliadelgrao.com\/index.php?rest_route=\/wp\/v2\/posts"}],"about":[{"href":"http:\/\/santaceciliadelgrao.com\/index.php?rest_route=\/wp\/v2\/types\/post"}],"author":[{"embeddable":true,"href":"http:\/\/santaceciliadelgrao.com\/index.php?rest_route=\/wp\/v2\/users\/1"}],"replies":[{"embeddable":true,"href":"http:\/\/santaceciliadelgrao.com\/index.php?rest_route=%2Fwp%2Fv2%2Fcomments&post=1591"}],"version-history":[{"count":1,"href":"http:\/\/santaceciliadelgrao.com\/index.php?rest_route=\/wp\/v2\/posts\/1591\/revisions"}],"predecessor-version":[{"id":1593,"href":"http:\/\/santaceciliadelgrao.com\/index.php?rest_route=\/wp\/v2\/posts\/1591\/revisions\/1593"}],"wp:attachment":[{"href":"http:\/\/santaceciliadelgrao.com\/index.php?rest_route=%2Fwp%2Fv2%2Fmedia&parent=1591"}],"wp:term":[{"taxonomy":"category","embeddable":true,"href":"http:\/\/santaceciliadelgrao.com\/index.php?rest_route=%2Fwp%2Fv2%2Fcategories&post=1591"},{"taxonomy":"post_tag","embeddable":true,"href":"http:\/\/santaceciliadelgrao.com\/index.php?rest_route=%2Fwp%2Fv2%2Ftags&post=1591"}],"curies":[{"name":"wp","href":"https:\/\/api.w.org\/{rel}","templated":true}]}}