{"id":1404,"date":"2022-03-26T18:57:59","date_gmt":"2022-03-26T18:57:59","guid":{"rendered":"http:\/\/santaceciliadelgrao.com\/?p=1404"},"modified":"2022-03-26T20:42:17","modified_gmt":"2022-03-26T20:42:17","slug":"iii-festival-de-sant-antoni-de-portmany-2","status":"publish","type":"post","link":"http:\/\/santaceciliadelgrao.com\/?p=1404","title":{"rendered":"III Festival de Sant Antoni de Portmany"},"content":{"rendered":"\n<p>El pr\u00f3ximo 2 de abril la banda titular de SCG participar\u00e1 en el III Festival de Sant Antoni de Portmany, en Ibiza. La agrupaci\u00f3n est\u00e1 trabajando intensamente para que el concierto sea todo un \u00e9xito. <\/p>\n\n\n\n<div class=\"wp-block-image\"><figure class=\"aligncenter size-large is-resized\"><img loading=\"lazy\" decoding=\"async\" src=\"http:\/\/santaceciliadelgrao.com\/wp-content\/uploads\/2022\/03\/concert-737x1024.jpeg\" alt=\"\" class=\"wp-image-1405\" width=\"378\" height=\"525\" srcset=\"http:\/\/santaceciliadelgrao.com\/wp-content\/uploads\/2022\/03\/concert-737x1024.jpeg 737w, http:\/\/santaceciliadelgrao.com\/wp-content\/uploads\/2022\/03\/concert-216x300.jpeg 216w, http:\/\/santaceciliadelgrao.com\/wp-content\/uploads\/2022\/03\/concert-768x1067.jpeg 768w, http:\/\/santaceciliadelgrao.com\/wp-content\/uploads\/2022\/03\/concert-777x1080.jpeg 777w, http:\/\/santaceciliadelgrao.com\/wp-content\/uploads\/2022\/03\/concert.jpeg 883w\" sizes=\"auto, (max-width: 378px) 100vw, 378px\" \/><\/figure><\/div>\n","protected":false},"excerpt":{"rendered":"<p>El pr\u00f3ximo 2 de abril la banda titular de SCG participar\u00e1 en el III Festival de Sant Antoni de Portmany, en Ibiza. La agrupaci\u00f3n est\u00e1 trabajando intensamente para que el concierto sea todo un \u00e9xito.<\/p>\n","protected":false},"author":1,"featured_media":0,"comment_status":"open","ping_status":"open","sticky":false,"template":"","format":"standard","meta":{"footnotes":""},"categories":[1],"tags":[96,89,105],"class_list":["post-1404","post","type-post","status-publish","format-standard","hentry","category-sense-categoria","tag-banda-simfonica","tag-concert","tag-festival"],"_links":{"self":[{"href":"http:\/\/santaceciliadelgrao.com\/index.php?rest_route=\/wp\/v2\/posts\/1404","targetHints":{"allow":["GET"]}}],"collection":[{"href":"http:\/\/santaceciliadelgrao.com\/index.php?rest_route=\/wp\/v2\/posts"}],"about":[{"href":"http:\/\/santaceciliadelgrao.com\/index.php?rest_route=\/wp\/v2\/types\/post"}],"author":[{"embeddable":true,"href":"http:\/\/santaceciliadelgrao.com\/index.php?rest_route=\/wp\/v2\/users\/1"}],"replies":[{"embeddable":true,"href":"http:\/\/santaceciliadelgrao.com\/index.php?rest_route=%2Fwp%2Fv2%2Fcomments&post=1404"}],"version-history":[{"count":2,"href":"http:\/\/santaceciliadelgrao.com\/index.php?rest_route=\/wp\/v2\/posts\/1404\/revisions"}],"predecessor-version":[{"id":1451,"href":"http:\/\/santaceciliadelgrao.com\/index.php?rest_route=\/wp\/v2\/posts\/1404\/revisions\/1451"}],"wp:attachment":[{"href":"http:\/\/santaceciliadelgrao.com\/index.php?rest_route=%2Fwp%2Fv2%2Fmedia&parent=1404"}],"wp:term":[{"taxonomy":"category","embeddable":true,"href":"http:\/\/santaceciliadelgrao.com\/index.php?rest_route=%2Fwp%2Fv2%2Fcategories&post=1404"},{"taxonomy":"post_tag","embeddable":true,"href":"http:\/\/santaceciliadelgrao.com\/index.php?rest_route=%2Fwp%2Fv2%2Ftags&post=1404"}],"curies":[{"name":"wp","href":"https:\/\/api.w.org\/{rel}","templated":true}]}}